{"id":23827,"date":"2023-05-15T15:11:20","date_gmt":"2023-05-15T13:11:20","guid":{"rendered":"https:\/\/cedam.fr\/elite-aufbewahrungssaeulen\/"},"modified":"2023-10-03T09:33:47","modified_gmt":"2023-10-03T07:33:47","slug":"elite-aufbewahrungssaeulen","status":"publish","type":"post","link":"https:\/\/cedam.fr\/de\/elite-aufbewahrungssaeulen\/","title":{"rendered":"Elite-Aufbewahrungss\u00e4ulen"},"content":{"rendered":"\t\t<div data-elementor-type=\"wp-post\" data-elementor-id=\"23827\" class=\"elementor elementor-23827\" data-elementor-post-type=\"post\">\n\t\t\t\t\t\t<section class=\"elementor-section elementor-top-section elementor-element elementor-element-342073b elementor-section-boxed elementor-section-height-default elementor-section-height-default\" data-id=\"342073b\" data-element_type=\"section\" data-e-type=\"section\">\n\t\t\t\t\t\t<div class=\"elementor-container elementor-column-gap-default\">\n\t\t\t\t\t<div class=\"elementor-column elementor-col-50 elementor-top-column elementor-element elementor-element-44d11ea elementor-invisible\" data-id=\"44d11ea\" data-element_type=\"column\" data-e-type=\"column\" data-settings=\"{&quot;animation&quot;:&quot;fadeInLeft&quot;}\">\n\t\t\t<div class=\"elementor-widget-wrap elementor-element-populated\">\n\t\t\t\t\t\t<div class=\"elementor-element elementor-element-16b800c elementor-widget elementor-widget-image\" data-id=\"16b800c\" data-element_type=\"widget\" data-e-type=\"widget\" data-widget_type=\"image.default\">\n\t\t\t\t<div class=\"elementor-widget-container\">\n\t\t\t\t\t\t\t\t\t\t\t\t\t\t\t<img decoding=\"async\" src=\"https:\/\/cedam.fr\/wp-content\/uploads\/elementor\/thumbs\/COLONNES_DE_RANGEMENTS_ELITE-1-q6i27pn2rbju5apzdw0fmkem7bqiye5020brnr4t5s.png\" title=\"COLONNES_DE_RANGEMENTS_ELITE\" alt=\"Colonnes de rangements Elite\" loading=\"lazy\" \/>\t\t\t\t\t\t\t\t\t\t\t\t\t\t\t<\/div>\n\t\t\t\t<\/div>\n\t\t\t\t\t<\/div>\n\t\t<\/div>\n\t\t\t\t<div class=\"elementor-column elementor-col-50 elementor-top-column elementor-element elementor-element-347e26c elementor-invisible\" data-id=\"347e26c\" data-element_type=\"column\" data-e-type=\"column\" data-settings=\"{&quot;animation&quot;:&quot;fadeInRight&quot;}\">\n\t\t\t<div class=\"elementor-widget-wrap elementor-element-populated\">\n\t\t\t\t\t\t<div class=\"elementor-element elementor-element-3f146c3 elementor-widget elementor-widget-heading\" data-id=\"3f146c3\" data-element_type=\"widget\" data-e-type=\"widget\" data-widget_type=\"heading.default\">\n\t\t\t\t<div class=\"elementor-widget-container\">\n\t\t\t\t\t<h3 class=\"elementor-heading-title elementor-size-default\">Beschreibung<\/h3>\t\t\t\t<\/div>\n\t\t\t\t<\/div>\n\t\t\t\t<div class=\"elementor-element elementor-element-a638db5 elementor-widget elementor-widget-text-editor\" data-id=\"a638db5\" data-element_type=\"widget\" data-e-type=\"widget\" data-widget_type=\"text-editor.default\">\n\t\t\t\t<div class=\"elementor-widget-container\">\n\t\t\t\t\t\t\t\t\t<div class=\"page\" title=\"Seite 1\">\n<div class=\"section\">\n<div class=\"layoutArea\">\n<div class=\"column\">\n<div class=\"page\" title=\"Seite 1\">\n<div class=\"section\">\n<div class=\"layoutArea\">\n<div class=\"column\">\n<p>Um die ELITE-Reihe zu vervollst\u00e4ndigen, haben wir Aufbewahrungss\u00e4ulen entworfen. 1 oder 2 T\u00fcren. Mit oder ohne Griff<\/p>\n<p><strong>&#8211; Tiefe 35 cm.<\/strong><br \/><strong>&#8211; H\u00f6he 113 oder 154 cm.<\/strong><br \/><strong>&#8211; Erh\u00e4ltlich mit 1 oder 2 T\u00fcren.<\/strong><br \/><strong>&#8211; Links oder rechts schlie\u00dfend.<\/strong><\/p>\n<\/div>\n<\/div>\n<\/div>\n<\/div>\n<\/div>\n<\/div>\n<\/div>\n<\/div>\n\t\t\t\t\t\t\t\t<\/div>\n\t\t\t\t<\/div>\n\t\t\t\t\t<\/div>\n\t\t<\/div>\n\t\t\t\t\t<\/div>\n\t\t<\/section>\n\t\t\t\t<section class=\"elementor-section elementor-top-section elementor-element elementor-element-eeacf12 elementor-section-boxed elementor-section-height-default elementor-section-height-default\" data-id=\"eeacf12\" data-element_type=\"section\" data-e-type=\"section\">\n\t\t\t\t\t\t<div class=\"elementor-container elementor-column-gap-default\">\n\t\t\t\t\t<div class=\"elementor-column elementor-col-100 elementor-top-column elementor-element elementor-element-3578ff7 elementor-invisible\" data-id=\"3578ff7\" data-element_type=\"column\" data-e-type=\"column\" data-settings=\"{&quot;animation&quot;:&quot;fadeInRight&quot;}\">\n\t\t\t<div class=\"elementor-widget-wrap elementor-element-populated\">\n\t\t\t\t\t\t<div class=\"elementor-element elementor-element-5f9f2f0 elementor-widget elementor-widget-heading\" data-id=\"5f9f2f0\" data-element_type=\"widget\" data-e-type=\"widget\" data-widget_type=\"heading.default\">\n\t\t\t\t<div class=\"elementor-widget-container\">\n\t\t\t\t\t<h3 class=\"elementor-heading-title elementor-size-default\">ERG\u00c4NZUNGSM\u00d6BEL H 104 CM<\/h3>\t\t\t\t<\/div>\n\t\t\t\t<\/div>\n\t\t\t\t<section class=\"elementor-section elementor-inner-section elementor-element elementor-element-1a4ea8e elementor-section-boxed elementor-section-height-default elementor-section-height-default\" data-id=\"1a4ea8e\" data-element_type=\"section\" data-e-type=\"section\">\n\t\t\t\t\t\t<div class=\"elementor-container elementor-column-gap-default\">\n\t\t\t\t\t<div class=\"elementor-column elementor-col-50 elementor-inner-column elementor-element elementor-element-1c0cf0b\" data-id=\"1c0cf0b\" data-element_type=\"column\" data-e-type=\"column\">\n\t\t\t<div class=\"elementor-widget-wrap elementor-element-populated\">\n\t\t\t\t\t\t<div class=\"elementor-element elementor-element-0f85401 elementor-widget elementor-widget-image\" data-id=\"0f85401\" data-element_type=\"widget\" data-e-type=\"widget\" data-widget_type=\"image.default\">\n\t\t\t\t<div class=\"elementor-widget-container\">\n\t\t\t\t\t\t\t\t\t\t\t\t\t\t\t<img fetchpriority=\"high\" decoding=\"async\" width=\"242\" height=\"400\" src=\"https:\/\/cedam.fr\/wp-content\/uploads\/2023\/05\/COLONNES_DE_RANGEMENT_ELITE_armoire-1.png\" class=\"attachment-large size-large wp-image-21081\" alt=\"\" srcset=\"https:\/\/cedam.fr\/wp-content\/uploads\/2023\/05\/COLONNES_DE_RANGEMENT_ELITE_armoire-1.png 242w, https:\/\/cedam.fr\/wp-content\/uploads\/2023\/05\/COLONNES_DE_RANGEMENT_ELITE_armoire-1-182x300.png 182w\" sizes=\"(max-width: 242px) 100vw, 242px\" \/>\t\t\t\t\t\t\t\t\t\t\t\t\t\t\t<\/div>\n\t\t\t\t<\/div>\n\t\t\t\t<div class=\"elementor-element elementor-element-29a1867 elementor-widget elementor-widget-text-editor\" data-id=\"29a1867\" data-element_type=\"widget\" data-e-type=\"widget\" data-widget_type=\"text-editor.default\">\n\t\t\t\t<div class=\"elementor-widget-container\">\n\t\t\t\t\t\t\t\t\t<div class=\"page\" title=\"Seite 2\">\n<div class=\"section\">\n<div class=\"layoutArea\">\n<div class=\"column\">\n<p><strong>Schrank p35<\/strong><br \/>3 Glasregale &#8211; 3 Glasregale<br \/>1 T\u00fcr: 356 x 1113 x 352 cm<\/p>\n<p>Beschlag links : <span style=\"color: #e3b66d;\"><br \/>\n  <strong>ELI60<\/strong><br \/>\n<\/span><br \/>Rechtsseitiger Verschluss : <strong><br \/>\n  <span style=\"color: #e3b66d;\">ELI61<\/span><br \/>\n<\/strong><\/p>\n<\/div>\n<\/div>\n<\/div>\n<\/div>\n\t\t\t\t\t\t\t\t<\/div>\n\t\t\t\t<\/div>\n\t\t\t\t\t<\/div>\n\t\t<\/div>\n\t\t\t\t<div class=\"elementor-column elementor-col-50 elementor-inner-column elementor-element elementor-element-3f159e3\" data-id=\"3f159e3\" data-element_type=\"column\" data-e-type=\"column\">\n\t\t\t<div class=\"elementor-widget-wrap elementor-element-populated\">\n\t\t\t\t\t\t<div class=\"elementor-element elementor-element-2cde507 elementor-widget elementor-widget-image\" data-id=\"2cde507\" data-element_type=\"widget\" data-e-type=\"widget\" data-widget_type=\"image.default\">\n\t\t\t\t<div class=\"elementor-widget-container\">\n\t\t\t\t\t\t\t\t\t\t\t\t\t\t\t<img decoding=\"async\" width=\"242\" height=\"400\" src=\"https:\/\/cedam.fr\/wp-content\/uploads\/2023\/05\/COLONNES_DE_RANGEMENT_ELITE_armoire-2.png\" class=\"attachment-large size-large wp-image-21083\" alt=\"\" srcset=\"https:\/\/cedam.fr\/wp-content\/uploads\/2023\/05\/COLONNES_DE_RANGEMENT_ELITE_armoire-2.png 242w, https:\/\/cedam.fr\/wp-content\/uploads\/2023\/05\/COLONNES_DE_RANGEMENT_ELITE_armoire-2-182x300.png 182w\" sizes=\"(max-width: 242px) 100vw, 242px\" \/>\t\t\t\t\t\t\t\t\t\t\t\t\t\t\t<\/div>\n\t\t\t\t<\/div>\n\t\t\t\t<div class=\"elementor-element elementor-element-d9b7ef9 elementor-widget elementor-widget-text-editor\" data-id=\"d9b7ef9\" data-element_type=\"widget\" data-e-type=\"widget\" data-widget_type=\"text-editor.default\">\n\t\t\t\t<div class=\"elementor-widget-container\">\n\t\t\t\t\t\t\t\t\t<div class=\"page\" title=\"Seite 2\">\n<div class=\"section\">\n<div class=\"layoutArea\">\n<div class=\"column\">\n<div class=\"page\" title=\"Seite 2\">\n<div class=\"section\">\n<div class=\"layoutArea\">\n<div class=\"column\">\n<p><strong>Schrank p35<\/strong><br \/>2 T\u00fcren: 356 x 1536 x 352 cm<br \/>3 Glasregale + 1 Holzregal<\/p>\n<p>Beschlag links : <span style=\"color: #e3b66d;\"><br \/>\n  <strong>ELI70<\/strong><br \/>\n<\/span><br \/>Rechtsseitiger Verschluss : <strong><br \/>\n  <span style=\"color: #e3b66d;\">ELI71<\/span><br \/>\n<\/strong><\/p>\n<\/div>\n<\/div>\n<\/div>\n<\/div>\n<\/div>\n<\/div>\n<\/div>\n<\/div>\n\t\t\t\t\t\t\t\t<\/div>\n\t\t\t\t<\/div>\n\t\t\t\t\t<\/div>\n\t\t<\/div>\n\t\t\t\t\t<\/div>\n\t\t<\/section>\n\t\t\t\t\t<\/div>\n\t\t<\/div>\n\t\t\t\t\t<\/div>\n\t\t<\/section>\n\t\t\t\t<\/div>\n\t\t","protected":false},"excerpt":{"rendered":"<p>Beschreibung Um die ELITE-Reihe zu vervollst\u00e4ndigen, haben wir Aufbewahrungss\u00e4ulen entworfen. 1 oder 2 T\u00fcren. Mit oder ohne Griff &#8211; Tiefe 35 cm.&#8211; H\u00f6he 113 oder 154 cm.&#8211; Erh\u00e4ltlich mit 1 oder 2 T\u00fcren.&#8211; Links oder rechts schlie\u00dfend. ERG\u00c4NZUNGSM\u00d6BEL H 104 CM Schrank p353 Glasregale &#8211; 3 Glasregale1 T\u00fcr: 356 x 1113 x 352 cm Beschlag [&hellip;]<\/p>\n","protected":false},"author":1,"featured_media":20533,"comment_status":"closed","ping_status":"open","sticky":false,"template":"","format":"standard","meta":{"_acf_changed":false,"footnotes":""},"categories":[156,245,239],"tags":[],"class_list":["post-23827","post","type-post","status-publish","format-standard","has-post-thumbnail","hentry","category-produkte","category-saulen-und-schranke","category-zusatzliche-aufbewahrung"],"acf":[],"yoast_head":"<!-- This site is optimized with the Yoast SEO plugin v27.4 - https:\/\/yoast.com\/product\/yoast-seo-wordpress\/ -->\n<title>Aufbewahrungss\u00e4ulen ELITE, CEDAM franz\u00f6sischer Hersteller<\/title>\n<meta name=\"description\" content=\"Entdecken Sie unser Sortiment an ELITE-Aufbewahrungss\u00e4ulen von CEDAM, einem franz\u00f6sischen Hersteller von ma\u00dfgefertigten Badezimmerm\u00f6beln.\" \/>\n<meta name=\"robots\" content=\"index, follow, max-snippet:-1, max-image-preview:large, max-video-preview:-1\" \/>\n<link rel=\"canonical\" href=\"https:\/\/cedam.fr\/de\/elite-aufbewahrungssaeulen\/\" \/>\n<meta property=\"og:locale\" content=\"de_DE\" \/>\n<meta property=\"og:type\" content=\"article\" \/>\n<meta property=\"og:title\" content=\"Aufbewahrungss\u00e4ulen ELITE, CEDAM franz\u00f6sischer Hersteller\" \/>\n<meta property=\"og:description\" content=\"Entdecken Sie unser Sortiment an ELITE-Aufbewahrungss\u00e4ulen von CEDAM, einem franz\u00f6sischen Hersteller von ma\u00dfgefertigten Badezimmerm\u00f6beln.\" \/>\n<meta property=\"og:url\" content=\"https:\/\/cedam.fr\/de\/elite-aufbewahrungssaeulen\/\" \/>\n<meta property=\"og:site_name\" content=\"Cedam\" \/>\n<meta property=\"article:published_time\" content=\"2023-05-15T13:11:20+00:00\" \/>\n<meta property=\"article:modified_time\" content=\"2023-10-03T07:33:47+00:00\" \/>\n<meta property=\"og:image\" content=\"https:\/\/cedam.fr\/wp-content\/uploads\/2023\/05\/COLONNES_DE_RANGEMENTS_ELITE-1.png\" \/>\n\t<meta property=\"og:image:width\" content=\"400\" \/>\n\t<meta property=\"og:image:height\" content=\"400\" \/>\n\t<meta property=\"og:image:type\" content=\"image\/png\" \/>\n<meta name=\"author\" content=\"sidy@krysalidesign.com\" \/>\n<meta name=\"twitter:card\" content=\"summary_large_image\" \/>\n<meta name=\"twitter:label1\" content=\"Verfasst von\" \/>\n\t<meta name=\"twitter:data1\" content=\"sidy@krysalidesign.com\" \/>\n<script type=\"application\/ld+json\" class=\"yoast-schema-graph\">{\"@context\":\"https:\\\/\\\/schema.org\",\"@graph\":[{\"@type\":\"Article\",\"@id\":\"https:\\\/\\\/cedam.fr\\\/de\\\/elite-aufbewahrungssaeulen\\\/#article\",\"isPartOf\":{\"@id\":\"https:\\\/\\\/cedam.fr\\\/de\\\/elite-aufbewahrungssaeulen\\\/\"},\"author\":{\"name\":\"sidy@krysalidesign.com\",\"@id\":\"https:\\\/\\\/cedam.fr\\\/de\\\/#\\\/schema\\\/person\\\/a329aea646ee7698607fe6cc9abb7ad6\"},\"headline\":\"Elite-Aufbewahrungss\u00e4ulen\",\"datePublished\":\"2023-05-15T13:11:20+00:00\",\"dateModified\":\"2023-10-03T07:33:47+00:00\",\"mainEntityOfPage\":{\"@id\":\"https:\\\/\\\/cedam.fr\\\/de\\\/elite-aufbewahrungssaeulen\\\/\"},\"wordCount\":78,\"publisher\":{\"@id\":\"https:\\\/\\\/cedam.fr\\\/de\\\/#organization\"},\"image\":{\"@id\":\"https:\\\/\\\/cedam.fr\\\/de\\\/elite-aufbewahrungssaeulen\\\/#primaryimage\"},\"thumbnailUrl\":\"https:\\\/\\\/cedam.fr\\\/wp-content\\\/uploads\\\/2023\\\/05\\\/COLONNES_DE_RANGEMENTS_ELITE-1.png\",\"articleSection\":[\"Produkte\",\"S\u00e4ulen und Schr\u00e4nke\",\"Zus\u00e4tzliche Aufbewahrung\"],\"inLanguage\":\"de\"},{\"@type\":\"WebPage\",\"@id\":\"https:\\\/\\\/cedam.fr\\\/de\\\/elite-aufbewahrungssaeulen\\\/\",\"url\":\"https:\\\/\\\/cedam.fr\\\/de\\\/elite-aufbewahrungssaeulen\\\/\",\"name\":\"Aufbewahrungss\u00e4ulen ELITE, CEDAM franz\u00f6sischer Hersteller\",\"isPartOf\":{\"@id\":\"https:\\\/\\\/cedam.fr\\\/de\\\/#website\"},\"primaryImageOfPage\":{\"@id\":\"https:\\\/\\\/cedam.fr\\\/de\\\/elite-aufbewahrungssaeulen\\\/#primaryimage\"},\"image\":{\"@id\":\"https:\\\/\\\/cedam.fr\\\/de\\\/elite-aufbewahrungssaeulen\\\/#primaryimage\"},\"thumbnailUrl\":\"https:\\\/\\\/cedam.fr\\\/wp-content\\\/uploads\\\/2023\\\/05\\\/COLONNES_DE_RANGEMENTS_ELITE-1.png\",\"datePublished\":\"2023-05-15T13:11:20+00:00\",\"dateModified\":\"2023-10-03T07:33:47+00:00\",\"description\":\"Entdecken Sie unser Sortiment an ELITE-Aufbewahrungss\u00e4ulen von CEDAM, einem franz\u00f6sischen Hersteller von ma\u00dfgefertigten Badezimmerm\u00f6beln.\",\"breadcrumb\":{\"@id\":\"https:\\\/\\\/cedam.fr\\\/de\\\/elite-aufbewahrungssaeulen\\\/#breadcrumb\"},\"inLanguage\":\"de\",\"potentialAction\":[{\"@type\":\"ReadAction\",\"target\":[\"https:\\\/\\\/cedam.fr\\\/de\\\/elite-aufbewahrungssaeulen\\\/\"]}]},{\"@type\":\"ImageObject\",\"inLanguage\":\"de\",\"@id\":\"https:\\\/\\\/cedam.fr\\\/de\\\/elite-aufbewahrungssaeulen\\\/#primaryimage\",\"url\":\"https:\\\/\\\/cedam.fr\\\/wp-content\\\/uploads\\\/2023\\\/05\\\/COLONNES_DE_RANGEMENTS_ELITE-1.png\",\"contentUrl\":\"https:\\\/\\\/cedam.fr\\\/wp-content\\\/uploads\\\/2023\\\/05\\\/COLONNES_DE_RANGEMENTS_ELITE-1.png\",\"width\":400,\"height\":400,\"caption\":\"Colonnes de rangements Elite\"},{\"@type\":\"BreadcrumbList\",\"@id\":\"https:\\\/\\\/cedam.fr\\\/de\\\/elite-aufbewahrungssaeulen\\\/#breadcrumb\",\"itemListElement\":[{\"@type\":\"ListItem\",\"position\":1,\"name\":\"Accueil\",\"item\":\"https:\\\/\\\/cedam.fr\\\/de\\\/\"},{\"@type\":\"ListItem\",\"position\":2,\"name\":\"Elite-Aufbewahrungss\u00e4ulen\"}]},{\"@type\":\"WebSite\",\"@id\":\"https:\\\/\\\/cedam.fr\\\/de\\\/#website\",\"url\":\"https:\\\/\\\/cedam.fr\\\/de\\\/\",\"name\":\"Cedam\",\"description\":\"\",\"publisher\":{\"@id\":\"https:\\\/\\\/cedam.fr\\\/de\\\/#organization\"},\"potentialAction\":[{\"@type\":\"SearchAction\",\"target\":{\"@type\":\"EntryPoint\",\"urlTemplate\":\"https:\\\/\\\/cedam.fr\\\/de\\\/?s={search_term_string}\"},\"query-input\":{\"@type\":\"PropertyValueSpecification\",\"valueRequired\":true,\"valueName\":\"search_term_string\"}}],\"inLanguage\":\"de\"},{\"@type\":\"Organization\",\"@id\":\"https:\\\/\\\/cedam.fr\\\/de\\\/#organization\",\"name\":\"Cedam\",\"url\":\"https:\\\/\\\/cedam.fr\\\/de\\\/\",\"logo\":{\"@type\":\"ImageObject\",\"inLanguage\":\"de\",\"@id\":\"https:\\\/\\\/cedam.fr\\\/de\\\/#\\\/schema\\\/logo\\\/image\\\/\",\"url\":\"https:\\\/\\\/cedam.fr\\\/wp-content\\\/uploads\\\/2023\\\/02\\\/new_logo_white.svg\",\"contentUrl\":\"https:\\\/\\\/cedam.fr\\\/wp-content\\\/uploads\\\/2023\\\/02\\\/new_logo_white.svg\",\"caption\":\"Cedam\"},\"image\":{\"@id\":\"https:\\\/\\\/cedam.fr\\\/de\\\/#\\\/schema\\\/logo\\\/image\\\/\"}},{\"@type\":\"Person\",\"@id\":\"https:\\\/\\\/cedam.fr\\\/de\\\/#\\\/schema\\\/person\\\/a329aea646ee7698607fe6cc9abb7ad6\",\"name\":\"sidy@krysalidesign.com\",\"image\":{\"@type\":\"ImageObject\",\"inLanguage\":\"de\",\"@id\":\"https:\\\/\\\/secure.gravatar.com\\\/avatar\\\/3c9a754c81e020364f48c9877873d142361e41d3bda412f7d826d4cbf0c36501?s=96&d=mm&r=g\",\"url\":\"https:\\\/\\\/secure.gravatar.com\\\/avatar\\\/3c9a754c81e020364f48c9877873d142361e41d3bda412f7d826d4cbf0c36501?s=96&d=mm&r=g\",\"contentUrl\":\"https:\\\/\\\/secure.gravatar.com\\\/avatar\\\/3c9a754c81e020364f48c9877873d142361e41d3bda412f7d826d4cbf0c36501?s=96&d=mm&r=g\",\"caption\":\"sidy@krysalidesign.com\"},\"sameAs\":[\"https:\\\/\\\/test-krysalid.com\\\/cedam\"],\"url\":\"https:\\\/\\\/cedam.fr\\\/de\\\/author\\\/sidykrysalidesign-com\\\/\"}]}<\/script>\n<!-- \/ Yoast SEO plugin. -->","yoast_head_json":{"title":"Aufbewahrungss\u00e4ulen ELITE, CEDAM franz\u00f6sischer Hersteller","description":"Entdecken Sie unser Sortiment an ELITE-Aufbewahrungss\u00e4ulen von CEDAM, einem franz\u00f6sischen Hersteller von ma\u00dfgefertigten Badezimmerm\u00f6beln.","robots":{"index":"index","follow":"follow","max-snippet":"max-snippet:-1","max-image-preview":"max-image-preview:large","max-video-preview":"max-video-preview:-1"},"canonical":"https:\/\/cedam.fr\/de\/elite-aufbewahrungssaeulen\/","og_locale":"de_DE","og_type":"article","og_title":"Aufbewahrungss\u00e4ulen ELITE, CEDAM franz\u00f6sischer Hersteller","og_description":"Entdecken Sie unser Sortiment an ELITE-Aufbewahrungss\u00e4ulen von CEDAM, einem franz\u00f6sischen Hersteller von ma\u00dfgefertigten Badezimmerm\u00f6beln.","og_url":"https:\/\/cedam.fr\/de\/elite-aufbewahrungssaeulen\/","og_site_name":"Cedam","article_published_time":"2023-05-15T13:11:20+00:00","article_modified_time":"2023-10-03T07:33:47+00:00","og_image":[{"width":400,"height":400,"url":"https:\/\/cedam.fr\/wp-content\/uploads\/2023\/05\/COLONNES_DE_RANGEMENTS_ELITE-1.png","type":"image\/png"}],"author":"sidy@krysalidesign.com","twitter_card":"summary_large_image","twitter_misc":{"Verfasst von":"sidy@krysalidesign.com"},"schema":{"@context":"https:\/\/schema.org","@graph":[{"@type":"Article","@id":"https:\/\/cedam.fr\/de\/elite-aufbewahrungssaeulen\/#article","isPartOf":{"@id":"https:\/\/cedam.fr\/de\/elite-aufbewahrungssaeulen\/"},"author":{"name":"sidy@krysalidesign.com","@id":"https:\/\/cedam.fr\/de\/#\/schema\/person\/a329aea646ee7698607fe6cc9abb7ad6"},"headline":"Elite-Aufbewahrungss\u00e4ulen","datePublished":"2023-05-15T13:11:20+00:00","dateModified":"2023-10-03T07:33:47+00:00","mainEntityOfPage":{"@id":"https:\/\/cedam.fr\/de\/elite-aufbewahrungssaeulen\/"},"wordCount":78,"publisher":{"@id":"https:\/\/cedam.fr\/de\/#organization"},"image":{"@id":"https:\/\/cedam.fr\/de\/elite-aufbewahrungssaeulen\/#primaryimage"},"thumbnailUrl":"https:\/\/cedam.fr\/wp-content\/uploads\/2023\/05\/COLONNES_DE_RANGEMENTS_ELITE-1.png","articleSection":["Produkte","S\u00e4ulen und Schr\u00e4nke","Zus\u00e4tzliche Aufbewahrung"],"inLanguage":"de"},{"@type":"WebPage","@id":"https:\/\/cedam.fr\/de\/elite-aufbewahrungssaeulen\/","url":"https:\/\/cedam.fr\/de\/elite-aufbewahrungssaeulen\/","name":"Aufbewahrungss\u00e4ulen ELITE, CEDAM franz\u00f6sischer Hersteller","isPartOf":{"@id":"https:\/\/cedam.fr\/de\/#website"},"primaryImageOfPage":{"@id":"https:\/\/cedam.fr\/de\/elite-aufbewahrungssaeulen\/#primaryimage"},"image":{"@id":"https:\/\/cedam.fr\/de\/elite-aufbewahrungssaeulen\/#primaryimage"},"thumbnailUrl":"https:\/\/cedam.fr\/wp-content\/uploads\/2023\/05\/COLONNES_DE_RANGEMENTS_ELITE-1.png","datePublished":"2023-05-15T13:11:20+00:00","dateModified":"2023-10-03T07:33:47+00:00","description":"Entdecken Sie unser Sortiment an ELITE-Aufbewahrungss\u00e4ulen von CEDAM, einem franz\u00f6sischen Hersteller von ma\u00dfgefertigten Badezimmerm\u00f6beln.","breadcrumb":{"@id":"https:\/\/cedam.fr\/de\/elite-aufbewahrungssaeulen\/#breadcrumb"},"inLanguage":"de","potentialAction":[{"@type":"ReadAction","target":["https:\/\/cedam.fr\/de\/elite-aufbewahrungssaeulen\/"]}]},{"@type":"ImageObject","inLanguage":"de","@id":"https:\/\/cedam.fr\/de\/elite-aufbewahrungssaeulen\/#primaryimage","url":"https:\/\/cedam.fr\/wp-content\/uploads\/2023\/05\/COLONNES_DE_RANGEMENTS_ELITE-1.png","contentUrl":"https:\/\/cedam.fr\/wp-content\/uploads\/2023\/05\/COLONNES_DE_RANGEMENTS_ELITE-1.png","width":400,"height":400,"caption":"Colonnes de rangements Elite"},{"@type":"BreadcrumbList","@id":"https:\/\/cedam.fr\/de\/elite-aufbewahrungssaeulen\/#breadcrumb","itemListElement":[{"@type":"ListItem","position":1,"name":"Accueil","item":"https:\/\/cedam.fr\/de\/"},{"@type":"ListItem","position":2,"name":"Elite-Aufbewahrungss\u00e4ulen"}]},{"@type":"WebSite","@id":"https:\/\/cedam.fr\/de\/#website","url":"https:\/\/cedam.fr\/de\/","name":"Cedam","description":"","publisher":{"@id":"https:\/\/cedam.fr\/de\/#organization"},"potentialAction":[{"@type":"SearchAction","target":{"@type":"EntryPoint","urlTemplate":"https:\/\/cedam.fr\/de\/?s={search_term_string}"},"query-input":{"@type":"PropertyValueSpecification","valueRequired":true,"valueName":"search_term_string"}}],"inLanguage":"de"},{"@type":"Organization","@id":"https:\/\/cedam.fr\/de\/#organization","name":"Cedam","url":"https:\/\/cedam.fr\/de\/","logo":{"@type":"ImageObject","inLanguage":"de","@id":"https:\/\/cedam.fr\/de\/#\/schema\/logo\/image\/","url":"https:\/\/cedam.fr\/wp-content\/uploads\/2023\/02\/new_logo_white.svg","contentUrl":"https:\/\/cedam.fr\/wp-content\/uploads\/2023\/02\/new_logo_white.svg","caption":"Cedam"},"image":{"@id":"https:\/\/cedam.fr\/de\/#\/schema\/logo\/image\/"}},{"@type":"Person","@id":"https:\/\/cedam.fr\/de\/#\/schema\/person\/a329aea646ee7698607fe6cc9abb7ad6","name":"sidy@krysalidesign.com","image":{"@type":"ImageObject","inLanguage":"de","@id":"https:\/\/secure.gravatar.com\/avatar\/3c9a754c81e020364f48c9877873d142361e41d3bda412f7d826d4cbf0c36501?s=96&d=mm&r=g","url":"https:\/\/secure.gravatar.com\/avatar\/3c9a754c81e020364f48c9877873d142361e41d3bda412f7d826d4cbf0c36501?s=96&d=mm&r=g","contentUrl":"https:\/\/secure.gravatar.com\/avatar\/3c9a754c81e020364f48c9877873d142361e41d3bda412f7d826d4cbf0c36501?s=96&d=mm&r=g","caption":"sidy@krysalidesign.com"},"sameAs":["https:\/\/test-krysalid.com\/cedam"],"url":"https:\/\/cedam.fr\/de\/author\/sidykrysalidesign-com\/"}]}},"_links":{"self":[{"href":"https:\/\/cedam.fr\/de\/wp-json\/wp\/v2\/posts\/23827","targetHints":{"allow":["GET"]}}],"collection":[{"href":"https:\/\/cedam.fr\/de\/wp-json\/wp\/v2\/posts"}],"about":[{"href":"https:\/\/cedam.fr\/de\/wp-json\/wp\/v2\/types\/post"}],"author":[{"embeddable":true,"href":"https:\/\/cedam.fr\/de\/wp-json\/wp\/v2\/users\/1"}],"replies":[{"embeddable":true,"href":"https:\/\/cedam.fr\/de\/wp-json\/wp\/v2\/comments?post=23827"}],"version-history":[{"count":1,"href":"https:\/\/cedam.fr\/de\/wp-json\/wp\/v2\/posts\/23827\/revisions"}],"predecessor-version":[{"id":23829,"href":"https:\/\/cedam.fr\/de\/wp-json\/wp\/v2\/posts\/23827\/revisions\/23829"}],"wp:featuredmedia":[{"embeddable":true,"href":"https:\/\/cedam.fr\/de\/wp-json\/wp\/v2\/media\/20533"}],"wp:attachment":[{"href":"https:\/\/cedam.fr\/de\/wp-json\/wp\/v2\/media?parent=23827"}],"wp:term":[{"taxonomy":"category","embeddable":true,"href":"https:\/\/cedam.fr\/de\/wp-json\/wp\/v2\/categories?post=23827"},{"taxonomy":"post_tag","embeddable":true,"href":"https:\/\/cedam.fr\/de\/wp-json\/wp\/v2\/tags?post=23827"}],"curies":[{"name":"wp","href":"https:\/\/api.w.org\/{rel}","templated":true}]}}