{"id":23812,"date":"2023-05-15T14:59:09","date_gmt":"2023-05-15T12:59:09","guid":{"rendered":"https:\/\/cedam.fr\/saeulen-und-schraenke-toskana\/"},"modified":"2024-04-18T11:21:25","modified_gmt":"2024-04-18T09:21:25","slug":"saeulen-und-schraenke-toskana","status":"publish","type":"post","link":"https:\/\/cedam.fr\/de\/saeulen-und-schraenke-toskana\/","title":{"rendered":"S\u00e4ulen und Schr\u00e4nke Toscane"},"content":{"rendered":"\t\t<div data-elementor-type=\"wp-post\" data-elementor-id=\"23812\" class=\"elementor elementor-23812 elementor-3820\" data-elementor-post-type=\"post\">\n\t\t\t\t\t\t<section class=\"elementor-section elementor-top-section elementor-element elementor-element-2a288df elementor-section-boxed elementor-section-height-default elementor-section-height-default\" data-id=\"2a288df\" data-element_type=\"section\" data-e-type=\"section\">\n\t\t\t\t\t\t<div class=\"elementor-container elementor-column-gap-default\">\n\t\t\t\t\t<div class=\"elementor-column elementor-col-50 elementor-top-column elementor-element elementor-element-f6a82ed elementor-invisible\" data-id=\"f6a82ed\" data-element_type=\"column\" data-e-type=\"column\" data-settings=\"{&quot;animation&quot;:&quot;fadeInLeft&quot;}\">\n\t\t\t<div class=\"elementor-widget-wrap elementor-element-populated\">\n\t\t\t\t\t\t<div class=\"elementor-element elementor-element-11fa139 elementor-widget elementor-widget-image\" data-id=\"11fa139\" data-element_type=\"widget\" data-e-type=\"widget\" data-widget_type=\"image.default\">\n\t\t\t\t<div class=\"elementor-widget-container\">\n\t\t\t\t\t\t\t\t\t\t\t\t\t\t\t<img decoding=\"async\" src=\"https:\/\/cedam.fr\/wp-content\/uploads\/elementor\/thumbs\/COLONNES_ET_ARMOIRES_TOSCANE-q6i1knnl4lzndm7l0f8uyvulo3df5nm0jwa0wfbfs0.png\" title=\"COLONNES_ET_ARMOIRES_TOSCANE\" alt=\"Colonnes et armoires Toscane\" loading=\"lazy\" \/>\t\t\t\t\t\t\t\t\t\t\t\t\t\t\t<\/div>\n\t\t\t\t<\/div>\n\t\t\t\t\t<\/div>\n\t\t<\/div>\n\t\t\t\t<div class=\"elementor-column elementor-col-50 elementor-top-column elementor-element elementor-element-130829e elementor-invisible\" data-id=\"130829e\" data-element_type=\"column\" data-e-type=\"column\" data-settings=\"{&quot;animation&quot;:&quot;fadeInRight&quot;}\">\n\t\t\t<div class=\"elementor-widget-wrap elementor-element-populated\">\n\t\t\t\t\t\t<div class=\"elementor-element elementor-element-08f3841 elementor-widget elementor-widget-heading\" data-id=\"08f3841\" data-element_type=\"widget\" data-e-type=\"widget\" data-widget_type=\"heading.default\">\n\t\t\t\t<div class=\"elementor-widget-container\">\n\t\t\t\t\t<h3 class=\"elementor-heading-title elementor-size-default\">Beschreibung<\/h3>\t\t\t\t<\/div>\n\t\t\t\t<\/div>\n\t\t\t\t<div class=\"elementor-element elementor-element-3a7a884 elementor-widget elementor-widget-text-editor\" data-id=\"3a7a884\" data-element_type=\"widget\" data-e-type=\"widget\" data-widget_type=\"text-editor.default\">\n\t\t\t\t<div class=\"elementor-widget-container\">\n\t\t\t\t\t\t\t\t\t<div class=\"page\" title=\"Seite 1\">\n<div class=\"section\">\n<div class=\"layoutArea\">\n<div class=\"column\">\n<div class=\"page\" title=\"Seite 1\">\n<div class=\"section\">\n<div class=\"layoutArea\">\n<div class=\"column\">\n<p>Um die Toscane-Reihe zu vervollst\u00e4ndigen, haben wir eine Aufbewahrungss\u00e4ule entworfen. Erh\u00e4ltlich in denselben<br \/>Dekore wie das M\u00f6belst\u00fcck, linker oder rechter Beschlag.<\/p>\n<p><strong>&#8211; Tiefe 35 cm.<\/strong><br \/><strong>&#8211; H\u00f6he 135 cm.<\/strong><br \/><strong>&#8211; Erh\u00e4ltlich in 1 T\u00fcr.<\/strong><br \/><strong>&#8211; Links oder rechts schlie\u00dfend.<\/strong><\/p>\n<\/div>\n<\/div>\n<\/div>\n<\/div>\n<\/div>\n<\/div>\n<\/div>\n<\/div>\n\t\t\t\t\t\t\t\t<\/div>\n\t\t\t\t<\/div>\n\t\t\t\t\t<\/div>\n\t\t<\/div>\n\t\t\t\t\t<\/div>\n\t\t<\/section>\n\t\t\t\t<section class=\"elementor-section elementor-top-section elementor-element elementor-element-eda1d59 elementor-section-boxed elementor-section-height-default elementor-section-height-default\" data-id=\"eda1d59\" data-element_type=\"section\" data-e-type=\"section\">\n\t\t\t\t\t\t<div class=\"elementor-container elementor-column-gap-default\">\n\t\t\t\t\t<div class=\"elementor-column elementor-col-100 elementor-top-column elementor-element elementor-element-adb68e4 elementor-invisible\" data-id=\"adb68e4\" data-element_type=\"column\" data-e-type=\"column\" data-settings=\"{&quot;animation&quot;:&quot;fadeInRight&quot;}\">\n\t\t\t<div class=\"elementor-widget-wrap elementor-element-populated\">\n\t\t\t\t\t\t<div class=\"elementor-element elementor-element-60587c4 elementor-widget elementor-widget-heading\" data-id=\"60587c4\" data-element_type=\"widget\" data-e-type=\"widget\" data-widget_type=\"heading.default\">\n\t\t\t\t<div class=\"elementor-widget-container\">\n\t\t\t\t\t<h3 class=\"elementor-heading-title elementor-size-default\">ERG\u00c4NZUNGSM\u00d6BEL, OBERSCHRANK<\/h3>\t\t\t\t<\/div>\n\t\t\t\t<\/div>\n\t\t\t\t<section class=\"elementor-section elementor-inner-section elementor-element elementor-element-b6f58ef elementor-section-boxed elementor-section-height-default elementor-section-height-default\" data-id=\"b6f58ef\" data-element_type=\"section\" data-e-type=\"section\">\n\t\t\t\t\t\t<div class=\"elementor-container elementor-column-gap-default\">\n\t\t\t\t\t<div class=\"elementor-column elementor-col-50 elementor-inner-column elementor-element elementor-element-b17586c\" data-id=\"b17586c\" data-element_type=\"column\" data-e-type=\"column\">\n\t\t\t<div class=\"elementor-widget-wrap elementor-element-populated\">\n\t\t\t\t\t\t<div class=\"elementor-element elementor-element-b1b9cb6 elementor-widget elementor-widget-image\" data-id=\"b1b9cb6\" data-element_type=\"widget\" data-e-type=\"widget\" data-widget_type=\"image.default\">\n\t\t\t\t<div class=\"elementor-widget-container\">\n\t\t\t\t\t\t\t\t\t\t\t\t\t\t\t<img fetchpriority=\"high\" decoding=\"async\" width=\"242\" height=\"400\" src=\"https:\/\/cedam.fr\/wp-content\/uploads\/2023\/05\/COLONNES_DE_RANGEMENT_TOSCANe_armoire-1.png\" class=\"attachment-large size-large wp-image-21069\" alt=\"\" srcset=\"https:\/\/cedam.fr\/wp-content\/uploads\/2023\/05\/COLONNES_DE_RANGEMENT_TOSCANe_armoire-1.png 242w, https:\/\/cedam.fr\/wp-content\/uploads\/2023\/05\/COLONNES_DE_RANGEMENT_TOSCANe_armoire-1-182x300.png 182w\" sizes=\"(max-width: 242px) 100vw, 242px\" \/>\t\t\t\t\t\t\t\t\t\t\t\t\t\t\t<\/div>\n\t\t\t\t<\/div>\n\t\t\t\t<div class=\"elementor-element elementor-element-ae4b915 elementor-widget elementor-widget-text-editor\" data-id=\"ae4b915\" data-element_type=\"widget\" data-e-type=\"widget\" data-widget_type=\"text-editor.default\">\n\t\t\t\t<div class=\"elementor-widget-container\">\n\t\t\t\t\t\t\t\t\t<div class=\"page\" title=\"Seite 2\">\n<div class=\"section\">\n<div class=\"layoutArea\">\n<div class=\"column\">\n<p>S\u00e4ule Tiefe 35, H\u00f6he 135 cm<br \/>1 T\u00fcr: 306 x 1349 x 353 cm<\/p>\n<p>Verschluss links : <span style=\"color: #e3b66d;\"><br \/>\n  <strong>TOS62<\/strong><br \/>\n<\/span><\/p>\n<\/div>\n<\/div>\n<\/div>\n<\/div>\n\t\t\t\t\t\t\t\t<\/div>\n\t\t\t\t<\/div>\n\t\t\t\t\t<\/div>\n\t\t<\/div>\n\t\t\t\t<div class=\"elementor-column elementor-col-50 elementor-inner-column elementor-element elementor-element-85d1c33\" data-id=\"85d1c33\" data-element_type=\"column\" data-e-type=\"column\">\n\t\t\t<div class=\"elementor-widget-wrap elementor-element-populated\">\n\t\t\t\t\t\t<div class=\"elementor-element elementor-element-483694c elementor-widget elementor-widget-image\" data-id=\"483694c\" data-element_type=\"widget\" data-e-type=\"widget\" data-widget_type=\"image.default\">\n\t\t\t\t<div class=\"elementor-widget-container\">\n\t\t\t\t\t\t\t\t\t\t\t\t\t\t\t<img decoding=\"async\" width=\"242\" height=\"400\" src=\"https:\/\/cedam.fr\/wp-content\/uploads\/2023\/05\/COLONNES_DE_RANGEMENT_TOSCANe_armoire-2.png\" class=\"attachment-large size-large wp-image-21071\" alt=\"\" srcset=\"https:\/\/cedam.fr\/wp-content\/uploads\/2023\/05\/COLONNES_DE_RANGEMENT_TOSCANe_armoire-2.png 242w, https:\/\/cedam.fr\/wp-content\/uploads\/2023\/05\/COLONNES_DE_RANGEMENT_TOSCANe_armoire-2-182x300.png 182w\" sizes=\"(max-width: 242px) 100vw, 242px\" \/>\t\t\t\t\t\t\t\t\t\t\t\t\t\t\t<\/div>\n\t\t\t\t<\/div>\n\t\t\t\t<div class=\"elementor-element elementor-element-934162b elementor-widget elementor-widget-text-editor\" data-id=\"934162b\" data-element_type=\"widget\" data-e-type=\"widget\" data-widget_type=\"text-editor.default\">\n\t\t\t\t<div class=\"elementor-widget-container\">\n\t\t\t\t\t\t\t\t\t<div class=\"page\" title=\"Seite 2\">\n<div class=\"section\">\n<div class=\"layoutArea\">\n<div class=\"column\">\n<div class=\"page\" title=\"Seite 2\">\n<div class=\"section\">\n<div class=\"layoutArea\">\n<div class=\"column\">\n<p>S\u00e4ule Tiefe 35, H\u00f6he 135 cm<br \/>1 T\u00fcr: 306 x 1349 x 353 cm<\/p>\n<p>Verschluss links : <span style=\"color: #e3b66d;\"><br \/>\n  <strong>TOS63<\/strong><br \/>\n<\/span><\/p>\n<\/div>\n<\/div>\n<\/div>\n<\/div>\n<\/div>\n<\/div>\n<\/div>\n<\/div>\n\t\t\t\t\t\t\t\t<\/div>\n\t\t\t\t<\/div>\n\t\t\t\t\t<\/div>\n\t\t<\/div>\n\t\t\t\t\t<\/div>\n\t\t<\/section>\n\t\t\t\t\t<\/div>\n\t\t<\/div>\n\t\t\t\t\t<\/div>\n\t\t<\/section>\n\t\t\t\t<\/div>\n\t\t","protected":false},"excerpt":{"rendered":"<p>Beschreibung Um die Toscane-Reihe zu vervollst\u00e4ndigen, haben wir eine Aufbewahrungss\u00e4ule entworfen. Erh\u00e4ltlich in denselbenDekore wie das M\u00f6belst\u00fcck, linker oder rechter Beschlag. &#8211; Tiefe 35 cm.&#8211; H\u00f6he 135 cm.&#8211; Erh\u00e4ltlich in 1 T\u00fcr.&#8211; Links oder rechts schlie\u00dfend. ERG\u00c4NZUNGSM\u00d6BEL, OBERSCHRANK S\u00e4ule Tiefe 35, H\u00f6he 135 cm1 T\u00fcr: 306 x 1349 x 353 cm Verschluss links : TOS62 [&hellip;]<\/p>\n","protected":false},"author":1,"featured_media":20529,"comment_status":"closed","ping_status":"open","sticky":false,"template":"","format":"standard","meta":{"_acf_changed":false,"footnotes":""},"categories":[156,245,239],"tags":[178],"class_list":["post-23812","post","type-post","status-publish","format-standard","has-post-thumbnail","hentry","category-produkte","category-saulen-und-schranke","category-zusatzliche-aufbewahrung","tag-toskana"],"acf":[],"yoast_head":"<!-- This site is optimized with the Yoast SEO plugin v27.4 - https:\/\/yoast.com\/product\/yoast-seo-wordpress\/ -->\n<title>S\u00e4ulen und Schr\u00e4nke Toscane, CEDAM franz\u00f6sischer Hersteller<\/title>\n<meta name=\"description\" content=\"Entdecken Sie unser Sortiment an S\u00e4ulen und Schr\u00e4nken Toscane von CEDAM, einem franz\u00f6sischen Hersteller von ma\u00dfgefertigten Badezimmerm\u00f6beln.\" \/>\n<meta name=\"robots\" content=\"index, follow, max-snippet:-1, max-image-preview:large, max-video-preview:-1\" \/>\n<link rel=\"canonical\" href=\"https:\/\/cedam.fr\/de\/saeulen-und-schraenke-toskana\/\" \/>\n<meta property=\"og:locale\" content=\"de_DE\" \/>\n<meta property=\"og:type\" content=\"article\" \/>\n<meta property=\"og:title\" content=\"S\u00e4ulen und Schr\u00e4nke Toscane, CEDAM franz\u00f6sischer Hersteller\" \/>\n<meta property=\"og:description\" content=\"Entdecken Sie unser Sortiment an S\u00e4ulen und Schr\u00e4nken Toscane von CEDAM, einem franz\u00f6sischen Hersteller von ma\u00dfgefertigten Badezimmerm\u00f6beln.\" \/>\n<meta property=\"og:url\" content=\"https:\/\/cedam.fr\/de\/saeulen-und-schraenke-toskana\/\" \/>\n<meta property=\"og:site_name\" content=\"Cedam\" \/>\n<meta property=\"article:published_time\" content=\"2023-05-15T12:59:09+00:00\" \/>\n<meta property=\"article:modified_time\" content=\"2024-04-18T09:21:25+00:00\" \/>\n<meta property=\"og:image\" content=\"https:\/\/cedam.fr\/wp-content\/uploads\/2023\/05\/COLONNES_ET_ARMOIRES_TOSCANE.png\" \/>\n\t<meta property=\"og:image:width\" content=\"400\" \/>\n\t<meta property=\"og:image:height\" content=\"400\" \/>\n\t<meta property=\"og:image:type\" content=\"image\/png\" \/>\n<meta name=\"author\" content=\"sidy@krysalidesign.com\" \/>\n<meta name=\"twitter:card\" content=\"summary_large_image\" \/>\n<meta name=\"twitter:label1\" content=\"Verfasst von\" \/>\n\t<meta name=\"twitter:data1\" content=\"sidy@krysalidesign.com\" \/>\n<script type=\"application\/ld+json\" class=\"yoast-schema-graph\">{\"@context\":\"https:\\\/\\\/schema.org\",\"@graph\":[{\"@type\":\"Article\",\"@id\":\"https:\\\/\\\/cedam.fr\\\/de\\\/saeulen-und-schraenke-toskana\\\/#article\",\"isPartOf\":{\"@id\":\"https:\\\/\\\/cedam.fr\\\/de\\\/saeulen-und-schraenke-toskana\\\/\"},\"author\":{\"name\":\"sidy@krysalidesign.com\",\"@id\":\"https:\\\/\\\/cedam.fr\\\/de\\\/#\\\/schema\\\/person\\\/a329aea646ee7698607fe6cc9abb7ad6\"},\"headline\":\"S\u00e4ulen und Schr\u00e4nke Toscane\",\"datePublished\":\"2023-05-15T12:59:09+00:00\",\"dateModified\":\"2024-04-18T09:21:25+00:00\",\"mainEntityOfPage\":{\"@id\":\"https:\\\/\\\/cedam.fr\\\/de\\\/saeulen-und-schraenke-toskana\\\/\"},\"wordCount\":83,\"publisher\":{\"@id\":\"https:\\\/\\\/cedam.fr\\\/de\\\/#organization\"},\"image\":{\"@id\":\"https:\\\/\\\/cedam.fr\\\/de\\\/saeulen-und-schraenke-toskana\\\/#primaryimage\"},\"thumbnailUrl\":\"https:\\\/\\\/cedam.fr\\\/wp-content\\\/uploads\\\/2023\\\/05\\\/COLONNES_ET_ARMOIRES_TOSCANE.png\",\"keywords\":[\"Toskana\"],\"articleSection\":[\"Produkte\",\"S\u00e4ulen und Schr\u00e4nke\",\"Zus\u00e4tzliche Aufbewahrung\"],\"inLanguage\":\"de\"},{\"@type\":\"WebPage\",\"@id\":\"https:\\\/\\\/cedam.fr\\\/de\\\/saeulen-und-schraenke-toskana\\\/\",\"url\":\"https:\\\/\\\/cedam.fr\\\/de\\\/saeulen-und-schraenke-toskana\\\/\",\"name\":\"S\u00e4ulen und Schr\u00e4nke Toscane, CEDAM franz\u00f6sischer Hersteller\",\"isPartOf\":{\"@id\":\"https:\\\/\\\/cedam.fr\\\/de\\\/#website\"},\"primaryImageOfPage\":{\"@id\":\"https:\\\/\\\/cedam.fr\\\/de\\\/saeulen-und-schraenke-toskana\\\/#primaryimage\"},\"image\":{\"@id\":\"https:\\\/\\\/cedam.fr\\\/de\\\/saeulen-und-schraenke-toskana\\\/#primaryimage\"},\"thumbnailUrl\":\"https:\\\/\\\/cedam.fr\\\/wp-content\\\/uploads\\\/2023\\\/05\\\/COLONNES_ET_ARMOIRES_TOSCANE.png\",\"datePublished\":\"2023-05-15T12:59:09+00:00\",\"dateModified\":\"2024-04-18T09:21:25+00:00\",\"description\":\"Entdecken Sie unser Sortiment an S\u00e4ulen und Schr\u00e4nken Toscane von CEDAM, einem franz\u00f6sischen Hersteller von ma\u00dfgefertigten Badezimmerm\u00f6beln.\",\"breadcrumb\":{\"@id\":\"https:\\\/\\\/cedam.fr\\\/de\\\/saeulen-und-schraenke-toskana\\\/#breadcrumb\"},\"inLanguage\":\"de\",\"potentialAction\":[{\"@type\":\"ReadAction\",\"target\":[\"https:\\\/\\\/cedam.fr\\\/de\\\/saeulen-und-schraenke-toskana\\\/\"]}]},{\"@type\":\"ImageObject\",\"inLanguage\":\"de\",\"@id\":\"https:\\\/\\\/cedam.fr\\\/de\\\/saeulen-und-schraenke-toskana\\\/#primaryimage\",\"url\":\"https:\\\/\\\/cedam.fr\\\/wp-content\\\/uploads\\\/2023\\\/05\\\/COLONNES_ET_ARMOIRES_TOSCANE.png\",\"contentUrl\":\"https:\\\/\\\/cedam.fr\\\/wp-content\\\/uploads\\\/2023\\\/05\\\/COLONNES_ET_ARMOIRES_TOSCANE.png\",\"width\":400,\"height\":400,\"caption\":\"Colonnes et armoires Toscane\"},{\"@type\":\"BreadcrumbList\",\"@id\":\"https:\\\/\\\/cedam.fr\\\/de\\\/saeulen-und-schraenke-toskana\\\/#breadcrumb\",\"itemListElement\":[{\"@type\":\"ListItem\",\"position\":1,\"name\":\"Accueil\",\"item\":\"https:\\\/\\\/cedam.fr\\\/de\\\/\"},{\"@type\":\"ListItem\",\"position\":2,\"name\":\"S\u00e4ulen und Schr\u00e4nke Toscane\"}]},{\"@type\":\"WebSite\",\"@id\":\"https:\\\/\\\/cedam.fr\\\/de\\\/#website\",\"url\":\"https:\\\/\\\/cedam.fr\\\/de\\\/\",\"name\":\"Cedam\",\"description\":\"\",\"publisher\":{\"@id\":\"https:\\\/\\\/cedam.fr\\\/de\\\/#organization\"},\"potentialAction\":[{\"@type\":\"SearchAction\",\"target\":{\"@type\":\"EntryPoint\",\"urlTemplate\":\"https:\\\/\\\/cedam.fr\\\/de\\\/?s={search_term_string}\"},\"query-input\":{\"@type\":\"PropertyValueSpecification\",\"valueRequired\":true,\"valueName\":\"search_term_string\"}}],\"inLanguage\":\"de\"},{\"@type\":\"Organization\",\"@id\":\"https:\\\/\\\/cedam.fr\\\/de\\\/#organization\",\"name\":\"Cedam\",\"url\":\"https:\\\/\\\/cedam.fr\\\/de\\\/\",\"logo\":{\"@type\":\"ImageObject\",\"inLanguage\":\"de\",\"@id\":\"https:\\\/\\\/cedam.fr\\\/de\\\/#\\\/schema\\\/logo\\\/image\\\/\",\"url\":\"https:\\\/\\\/cedam.fr\\\/wp-content\\\/uploads\\\/2023\\\/02\\\/new_logo_white.svg\",\"contentUrl\":\"https:\\\/\\\/cedam.fr\\\/wp-content\\\/uploads\\\/2023\\\/02\\\/new_logo_white.svg\",\"caption\":\"Cedam\"},\"image\":{\"@id\":\"https:\\\/\\\/cedam.fr\\\/de\\\/#\\\/schema\\\/logo\\\/image\\\/\"}},{\"@type\":\"Person\",\"@id\":\"https:\\\/\\\/cedam.fr\\\/de\\\/#\\\/schema\\\/person\\\/a329aea646ee7698607fe6cc9abb7ad6\",\"name\":\"sidy@krysalidesign.com\",\"image\":{\"@type\":\"ImageObject\",\"inLanguage\":\"de\",\"@id\":\"https:\\\/\\\/secure.gravatar.com\\\/avatar\\\/3c9a754c81e020364f48c9877873d142361e41d3bda412f7d826d4cbf0c36501?s=96&d=mm&r=g\",\"url\":\"https:\\\/\\\/secure.gravatar.com\\\/avatar\\\/3c9a754c81e020364f48c9877873d142361e41d3bda412f7d826d4cbf0c36501?s=96&d=mm&r=g\",\"contentUrl\":\"https:\\\/\\\/secure.gravatar.com\\\/avatar\\\/3c9a754c81e020364f48c9877873d142361e41d3bda412f7d826d4cbf0c36501?s=96&d=mm&r=g\",\"caption\":\"sidy@krysalidesign.com\"},\"sameAs\":[\"https:\\\/\\\/test-krysalid.com\\\/cedam\"],\"url\":\"https:\\\/\\\/cedam.fr\\\/de\\\/author\\\/sidykrysalidesign-com\\\/\"}]}<\/script>\n<!-- \/ Yoast SEO plugin. -->","yoast_head_json":{"title":"S\u00e4ulen und Schr\u00e4nke Toscane, CEDAM franz\u00f6sischer Hersteller","description":"Entdecken Sie unser Sortiment an S\u00e4ulen und Schr\u00e4nken Toscane von CEDAM, einem franz\u00f6sischen Hersteller von ma\u00dfgefertigten Badezimmerm\u00f6beln.","robots":{"index":"index","follow":"follow","max-snippet":"max-snippet:-1","max-image-preview":"max-image-preview:large","max-video-preview":"max-video-preview:-1"},"canonical":"https:\/\/cedam.fr\/de\/saeulen-und-schraenke-toskana\/","og_locale":"de_DE","og_type":"article","og_title":"S\u00e4ulen und Schr\u00e4nke Toscane, CEDAM franz\u00f6sischer Hersteller","og_description":"Entdecken Sie unser Sortiment an S\u00e4ulen und Schr\u00e4nken Toscane von CEDAM, einem franz\u00f6sischen Hersteller von ma\u00dfgefertigten Badezimmerm\u00f6beln.","og_url":"https:\/\/cedam.fr\/de\/saeulen-und-schraenke-toskana\/","og_site_name":"Cedam","article_published_time":"2023-05-15T12:59:09+00:00","article_modified_time":"2024-04-18T09:21:25+00:00","og_image":[{"width":400,"height":400,"url":"https:\/\/cedam.fr\/wp-content\/uploads\/2023\/05\/COLONNES_ET_ARMOIRES_TOSCANE.png","type":"image\/png"}],"author":"sidy@krysalidesign.com","twitter_card":"summary_large_image","twitter_misc":{"Verfasst von":"sidy@krysalidesign.com"},"schema":{"@context":"https:\/\/schema.org","@graph":[{"@type":"Article","@id":"https:\/\/cedam.fr\/de\/saeulen-und-schraenke-toskana\/#article","isPartOf":{"@id":"https:\/\/cedam.fr\/de\/saeulen-und-schraenke-toskana\/"},"author":{"name":"sidy@krysalidesign.com","@id":"https:\/\/cedam.fr\/de\/#\/schema\/person\/a329aea646ee7698607fe6cc9abb7ad6"},"headline":"S\u00e4ulen und Schr\u00e4nke Toscane","datePublished":"2023-05-15T12:59:09+00:00","dateModified":"2024-04-18T09:21:25+00:00","mainEntityOfPage":{"@id":"https:\/\/cedam.fr\/de\/saeulen-und-schraenke-toskana\/"},"wordCount":83,"publisher":{"@id":"https:\/\/cedam.fr\/de\/#organization"},"image":{"@id":"https:\/\/cedam.fr\/de\/saeulen-und-schraenke-toskana\/#primaryimage"},"thumbnailUrl":"https:\/\/cedam.fr\/wp-content\/uploads\/2023\/05\/COLONNES_ET_ARMOIRES_TOSCANE.png","keywords":["Toskana"],"articleSection":["Produkte","S\u00e4ulen und Schr\u00e4nke","Zus\u00e4tzliche Aufbewahrung"],"inLanguage":"de"},{"@type":"WebPage","@id":"https:\/\/cedam.fr\/de\/saeulen-und-schraenke-toskana\/","url":"https:\/\/cedam.fr\/de\/saeulen-und-schraenke-toskana\/","name":"S\u00e4ulen und Schr\u00e4nke Toscane, CEDAM franz\u00f6sischer Hersteller","isPartOf":{"@id":"https:\/\/cedam.fr\/de\/#website"},"primaryImageOfPage":{"@id":"https:\/\/cedam.fr\/de\/saeulen-und-schraenke-toskana\/#primaryimage"},"image":{"@id":"https:\/\/cedam.fr\/de\/saeulen-und-schraenke-toskana\/#primaryimage"},"thumbnailUrl":"https:\/\/cedam.fr\/wp-content\/uploads\/2023\/05\/COLONNES_ET_ARMOIRES_TOSCANE.png","datePublished":"2023-05-15T12:59:09+00:00","dateModified":"2024-04-18T09:21:25+00:00","description":"Entdecken Sie unser Sortiment an S\u00e4ulen und Schr\u00e4nken Toscane von CEDAM, einem franz\u00f6sischen Hersteller von ma\u00dfgefertigten Badezimmerm\u00f6beln.","breadcrumb":{"@id":"https:\/\/cedam.fr\/de\/saeulen-und-schraenke-toskana\/#breadcrumb"},"inLanguage":"de","potentialAction":[{"@type":"ReadAction","target":["https:\/\/cedam.fr\/de\/saeulen-und-schraenke-toskana\/"]}]},{"@type":"ImageObject","inLanguage":"de","@id":"https:\/\/cedam.fr\/de\/saeulen-und-schraenke-toskana\/#primaryimage","url":"https:\/\/cedam.fr\/wp-content\/uploads\/2023\/05\/COLONNES_ET_ARMOIRES_TOSCANE.png","contentUrl":"https:\/\/cedam.fr\/wp-content\/uploads\/2023\/05\/COLONNES_ET_ARMOIRES_TOSCANE.png","width":400,"height":400,"caption":"Colonnes et armoires Toscane"},{"@type":"BreadcrumbList","@id":"https:\/\/cedam.fr\/de\/saeulen-und-schraenke-toskana\/#breadcrumb","itemListElement":[{"@type":"ListItem","position":1,"name":"Accueil","item":"https:\/\/cedam.fr\/de\/"},{"@type":"ListItem","position":2,"name":"S\u00e4ulen und Schr\u00e4nke Toscane"}]},{"@type":"WebSite","@id":"https:\/\/cedam.fr\/de\/#website","url":"https:\/\/cedam.fr\/de\/","name":"Cedam","description":"","publisher":{"@id":"https:\/\/cedam.fr\/de\/#organization"},"potentialAction":[{"@type":"SearchAction","target":{"@type":"EntryPoint","urlTemplate":"https:\/\/cedam.fr\/de\/?s={search_term_string}"},"query-input":{"@type":"PropertyValueSpecification","valueRequired":true,"valueName":"search_term_string"}}],"inLanguage":"de"},{"@type":"Organization","@id":"https:\/\/cedam.fr\/de\/#organization","name":"Cedam","url":"https:\/\/cedam.fr\/de\/","logo":{"@type":"ImageObject","inLanguage":"de","@id":"https:\/\/cedam.fr\/de\/#\/schema\/logo\/image\/","url":"https:\/\/cedam.fr\/wp-content\/uploads\/2023\/02\/new_logo_white.svg","contentUrl":"https:\/\/cedam.fr\/wp-content\/uploads\/2023\/02\/new_logo_white.svg","caption":"Cedam"},"image":{"@id":"https:\/\/cedam.fr\/de\/#\/schema\/logo\/image\/"}},{"@type":"Person","@id":"https:\/\/cedam.fr\/de\/#\/schema\/person\/a329aea646ee7698607fe6cc9abb7ad6","name":"sidy@krysalidesign.com","image":{"@type":"ImageObject","inLanguage":"de","@id":"https:\/\/secure.gravatar.com\/avatar\/3c9a754c81e020364f48c9877873d142361e41d3bda412f7d826d4cbf0c36501?s=96&d=mm&r=g","url":"https:\/\/secure.gravatar.com\/avatar\/3c9a754c81e020364f48c9877873d142361e41d3bda412f7d826d4cbf0c36501?s=96&d=mm&r=g","contentUrl":"https:\/\/secure.gravatar.com\/avatar\/3c9a754c81e020364f48c9877873d142361e41d3bda412f7d826d4cbf0c36501?s=96&d=mm&r=g","caption":"sidy@krysalidesign.com"},"sameAs":["https:\/\/test-krysalid.com\/cedam"],"url":"https:\/\/cedam.fr\/de\/author\/sidykrysalidesign-com\/"}]}},"_links":{"self":[{"href":"https:\/\/cedam.fr\/de\/wp-json\/wp\/v2\/posts\/23812","targetHints":{"allow":["GET"]}}],"collection":[{"href":"https:\/\/cedam.fr\/de\/wp-json\/wp\/v2\/posts"}],"about":[{"href":"https:\/\/cedam.fr\/de\/wp-json\/wp\/v2\/types\/post"}],"author":[{"embeddable":true,"href":"https:\/\/cedam.fr\/de\/wp-json\/wp\/v2\/users\/1"}],"replies":[{"embeddable":true,"href":"https:\/\/cedam.fr\/de\/wp-json\/wp\/v2\/comments?post=23812"}],"version-history":[{"count":5,"href":"https:\/\/cedam.fr\/de\/wp-json\/wp\/v2\/posts\/23812\/revisions"}],"predecessor-version":[{"id":31409,"href":"https:\/\/cedam.fr\/de\/wp-json\/wp\/v2\/posts\/23812\/revisions\/31409"}],"wp:featuredmedia":[{"embeddable":true,"href":"https:\/\/cedam.fr\/de\/wp-json\/wp\/v2\/media\/20529"}],"wp:attachment":[{"href":"https:\/\/cedam.fr\/de\/wp-json\/wp\/v2\/media?parent=23812"}],"wp:term":[{"taxonomy":"category","embeddable":true,"href":"https:\/\/cedam.fr\/de\/wp-json\/wp\/v2\/categories?post=23812"},{"taxonomy":"post_tag","embeddable":true,"href":"https:\/\/cedam.fr\/de\/wp-json\/wp\/v2\/tags?post=23812"}],"curies":[{"name":"wp","href":"https:\/\/api.w.org\/{rel}","templated":true}]}}