{"id":23778,"date":"2023-05-16T09:49:42","date_gmt":"2023-05-16T07:49:42","guid":{"rendered":"https:\/\/cedam.fr\/regale\/"},"modified":"2023-10-03T09:32:18","modified_gmt":"2023-10-03T07:32:18","slug":"regale","status":"publish","type":"post","link":"https:\/\/cedam.fr\/de\/regale\/","title":{"rendered":"Regale"},"content":{"rendered":"\t\t<div data-elementor-type=\"wp-post\" data-elementor-id=\"23778\" class=\"elementor elementor-23778\" data-elementor-post-type=\"post\">\n\t\t\t\t\t\t<section class=\"elementor-section elementor-top-section elementor-element elementor-element-15d95e5 elementor-section-boxed elementor-section-height-default elementor-section-height-default\" data-id=\"15d95e5\" data-element_type=\"section\" data-e-type=\"section\">\n\t\t\t\t\t\t<div class=\"elementor-container elementor-column-gap-default\">\n\t\t\t\t\t<div class=\"elementor-column elementor-col-50 elementor-top-column elementor-element elementor-element-2517b87 elementor-invisible\" data-id=\"2517b87\" data-element_type=\"column\" data-e-type=\"column\" data-settings=\"{&quot;animation&quot;:&quot;fadeInLeft&quot;}\">\n\t\t\t<div class=\"elementor-widget-wrap elementor-element-populated\">\n\t\t\t\t\t\t<div class=\"elementor-element elementor-element-9aa7875 elementor-widget elementor-widget-image\" data-id=\"9aa7875\" data-element_type=\"widget\" data-e-type=\"widget\" data-widget_type=\"image.default\">\n\t\t\t\t<div class=\"elementor-widget-container\">\n\t\t\t\t\t\t\t\t\t\t\t\t\t\t\t<img decoding=\"async\" src=\"https:\/\/cedam.fr\/wp-content\/uploads\/elementor\/thumbs\/ETAGERE_ICONIK-q6i3q6eerq3yvvlvcfk73tm5d3a6z0d2vl6mqydkm8.jpg\" title=\"ETAGERE_ICONIK\" alt=\"\u00c9tag\u00e8res\" loading=\"lazy\" \/>\t\t\t\t\t\t\t\t\t\t\t\t\t\t\t<\/div>\n\t\t\t\t<\/div>\n\t\t\t\t\t<\/div>\n\t\t<\/div>\n\t\t\t\t<div class=\"elementor-column elementor-col-50 elementor-top-column elementor-element elementor-element-607bc1b elementor-invisible\" data-id=\"607bc1b\" data-element_type=\"column\" data-e-type=\"column\" data-settings=\"{&quot;animation&quot;:&quot;fadeInRight&quot;}\">\n\t\t\t<div class=\"elementor-widget-wrap elementor-element-populated\">\n\t\t\t\t\t\t<div class=\"elementor-element elementor-element-bc3d7c8 elementor-widget elementor-widget-heading\" data-id=\"bc3d7c8\" data-element_type=\"widget\" data-e-type=\"widget\" data-widget_type=\"heading.default\">\n\t\t\t\t<div class=\"elementor-widget-container\">\n\t\t\t\t\t<h3 class=\"elementor-heading-title elementor-size-default\">Beschreibung<\/h3>\t\t\t\t<\/div>\n\t\t\t\t<\/div>\n\t\t\t\t<div class=\"elementor-element elementor-element-7453155 elementor-widget elementor-widget-text-editor\" data-id=\"7453155\" data-element_type=\"widget\" data-e-type=\"widget\" data-widget_type=\"text-editor.default\">\n\t\t\t\t<div class=\"elementor-widget-container\">\n\t\t\t\t\t\t\t\t\t<div title=\"Seite 1\">\n<div>\n<div>\n<div>\n<div title=\"Seite 1\">\n<div>\n<div>\n<div>\n<p>Die Iconik-Regale passen perfekt zum M\u00f6belst\u00fcck mit einer Erinnerung an den Keramikstreifen und der Metallhalterung, die zum Dekor der Fronten passt.<\/p>\n<div class=\"page\" title=\"Seite 1\">\n<div class=\"layoutArea\">\n<div class=\"column\">\n<p>Regal auf mattem Stahlrahmen.  <br \/>6 mm dicke Keramikplatte.  <br \/>Passende Schraubenabdeckungen, Schrauben nicht im Lieferumfang enthalten.<\/p>\n<\/div>\n<\/div>\n<\/div>\n<\/div>\n<\/div>\n<\/div>\n<\/div>\n<\/div>\n<\/div>\n<\/div>\n<\/div>\n\t\t\t\t\t\t\t\t<\/div>\n\t\t\t\t<\/div>\n\t\t\t\t<div class=\"elementor-element elementor-element-aa5b352 elementor-widget elementor-widget-text-editor\" data-id=\"aa5b352\" data-element_type=\"widget\" data-e-type=\"widget\" data-widget_type=\"text-editor.default\">\n\t\t\t\t<div class=\"elementor-widget-container\">\n\t\t\t\t\t\t\t\t\t<div class=\"page\" title=\"Seite 1\">\n<div class=\"section\">\n<div class=\"layoutArea\">\n<div class=\"column\">\n<div class=\"page\" title=\"Seite 1\">\n<div class=\"section\">\n<div class=\"layoutArea\">\n<div class=\"column\">\n<div class=\"page\" title=\"Seite 1\">\n<div class=\"layoutArea\">\n<div class=\"column\">\n<p><span style=\"color: #e3b66d;\"><br \/>\n  <strong>W\u00e4hlen Sie die Referenz :<\/strong><br \/>\n<\/span> Wurzel INETAG60 + Regaldekor BM + Keramikdekor KAR  <\/p>\n<p><strong>Beispiel:<\/strong> INETAG60BM.KAR<\/p>\n<\/div>\n<\/div>\n<\/div>\n<\/div>\n<\/div>\n<\/div>\n<\/div>\n<\/div>\n<\/div>\n<\/div>\n<\/div>\n\t\t\t\t\t\t\t\t<\/div>\n\t\t\t\t<\/div>\n\t\t\t\t<section class=\"elementor-section elementor-inner-section elementor-element elementor-element-0af7c88 elementor-section-boxed elementor-section-height-default elementor-section-height-default\" data-id=\"0af7c88\" data-element_type=\"section\" data-e-type=\"section\">\n\t\t\t\t\t\t<div class=\"elementor-container elementor-column-gap-default\">\n\t\t\t\t\t<div class=\"elementor-column elementor-col-25 elementor-inner-column elementor-element elementor-element-692c10a\" data-id=\"692c10a\" data-element_type=\"column\" data-e-type=\"column\">\n\t\t\t<div class=\"elementor-widget-wrap elementor-element-populated\">\n\t\t\t\t\t\t<div class=\"elementor-element elementor-element-03e121e elementor-widget elementor-widget-image\" data-id=\"03e121e\" data-element_type=\"widget\" data-e-type=\"widget\" data-widget_type=\"image.default\">\n\t\t\t\t<div class=\"elementor-widget-container\">\n\t\t\t\t\t\t\t\t\t\t\t\t\t\t\t<img fetchpriority=\"high\" decoding=\"async\" width=\"368\" height=\"197\" src=\"https:\/\/cedam.fr\/wp-content\/uploads\/2023\/05\/ETAGERE_ICONIK-finitions-1.png\" class=\"attachment-large size-large wp-image-20987\" alt=\"\" srcset=\"https:\/\/cedam.fr\/wp-content\/uploads\/2023\/05\/ETAGERE_ICONIK-finitions-1.png 368w, https:\/\/cedam.fr\/wp-content\/uploads\/2023\/05\/ETAGERE_ICONIK-finitions-1-300x161.png 300w\" sizes=\"(max-width: 368px) 100vw, 368px\" \/>\t\t\t\t\t\t\t\t\t\t\t\t\t\t\t<\/div>\n\t\t\t\t<\/div>\n\t\t\t\t<div class=\"elementor-element elementor-element-9db2f1e elementor-widget elementor-widget-text-editor\" data-id=\"9db2f1e\" data-element_type=\"widget\" data-e-type=\"widget\" data-widget_type=\"text-editor.default\">\n\t\t\t\t<div class=\"elementor-widget-container\">\n\t\t\t\t\t\t\t\t\t<p>MATTES WEISS<br \/><strong>BM<\/strong><\/p>\n\t\t\t\t\t\t\t\t<\/div>\n\t\t\t\t<\/div>\n\t\t\t\t\t<\/div>\n\t\t<\/div>\n\t\t\t\t<div class=\"elementor-column elementor-col-25 elementor-inner-column elementor-element elementor-element-cf08261\" data-id=\"cf08261\" data-element_type=\"column\" data-e-type=\"column\">\n\t\t\t<div class=\"elementor-widget-wrap elementor-element-populated\">\n\t\t\t\t\t\t<div class=\"elementor-element elementor-element-8f0ff07 elementor-widget elementor-widget-image\" data-id=\"8f0ff07\" data-element_type=\"widget\" data-e-type=\"widget\" data-widget_type=\"image.default\">\n\t\t\t\t<div class=\"elementor-widget-container\">\n\t\t\t\t\t\t\t\t\t\t\t\t\t\t\t<img decoding=\"async\" width=\"368\" height=\"197\" src=\"https:\/\/cedam.fr\/wp-content\/uploads\/2023\/05\/ETAGERE_ICONIK-finitions-2.png\" class=\"attachment-large size-large wp-image-20989\" alt=\"\" srcset=\"https:\/\/cedam.fr\/wp-content\/uploads\/2023\/05\/ETAGERE_ICONIK-finitions-2.png 368w, https:\/\/cedam.fr\/wp-content\/uploads\/2023\/05\/ETAGERE_ICONIK-finitions-2-300x161.png 300w\" sizes=\"(max-width: 368px) 100vw, 368px\" \/>\t\t\t\t\t\t\t\t\t\t\t\t\t\t\t<\/div>\n\t\t\t\t<\/div>\n\t\t\t\t<div class=\"elementor-element elementor-element-28ea10d elementor-widget elementor-widget-text-editor\" data-id=\"28ea10d\" data-element_type=\"widget\" data-e-type=\"widget\" data-widget_type=\"text-editor.default\">\n\t\t\t\t<div class=\"elementor-widget-container\">\n\t\t\t\t\t\t\t\t\t<p>CACHEMIRE MAT<br \/><strong>CM<\/strong><\/p>\n\t\t\t\t\t\t\t\t<\/div>\n\t\t\t\t<\/div>\n\t\t\t\t\t<\/div>\n\t\t<\/div>\n\t\t\t\t<div class=\"elementor-column elementor-col-25 elementor-inner-column elementor-element elementor-element-05970b4\" data-id=\"05970b4\" data-element_type=\"column\" data-e-type=\"column\">\n\t\t\t<div class=\"elementor-widget-wrap elementor-element-populated\">\n\t\t\t\t\t\t<div class=\"elementor-element elementor-element-15b7787 elementor-widget elementor-widget-image\" data-id=\"15b7787\" data-element_type=\"widget\" data-e-type=\"widget\" data-widget_type=\"image.default\">\n\t\t\t\t<div class=\"elementor-widget-container\">\n\t\t\t\t\t\t\t\t\t\t\t\t\t\t\t<img decoding=\"async\" width=\"368\" height=\"197\" src=\"https:\/\/cedam.fr\/wp-content\/uploads\/2023\/05\/ETAGERE_ICONIK-finitions-3.png\" class=\"attachment-large size-large wp-image-20991\" alt=\"\" srcset=\"https:\/\/cedam.fr\/wp-content\/uploads\/2023\/05\/ETAGERE_ICONIK-finitions-3.png 368w, https:\/\/cedam.fr\/wp-content\/uploads\/2023\/05\/ETAGERE_ICONIK-finitions-3-300x161.png 300w\" sizes=\"(max-width: 368px) 100vw, 368px\" \/>\t\t\t\t\t\t\t\t\t\t\t\t\t\t\t<\/div>\n\t\t\t\t<\/div>\n\t\t\t\t<div class=\"elementor-element elementor-element-a681516 elementor-widget elementor-widget-text-editor\" data-id=\"a681516\" data-element_type=\"widget\" data-e-type=\"widget\" data-widget_type=\"text-editor.default\">\n\t\t\t\t<div class=\"elementor-widget-container\">\n\t\t\t\t\t\t\t\t\t<p>FOSSILE MAT<br \/><strong>FM<\/strong><\/p>\n\t\t\t\t\t\t\t\t<\/div>\n\t\t\t\t<\/div>\n\t\t\t\t\t<\/div>\n\t\t<\/div>\n\t\t\t\t<div class=\"elementor-column elementor-col-25 elementor-inner-column elementor-element elementor-element-b007ee0\" data-id=\"b007ee0\" data-element_type=\"column\" data-e-type=\"column\">\n\t\t\t<div class=\"elementor-widget-wrap elementor-element-populated\">\n\t\t\t\t\t\t<div class=\"elementor-element elementor-element-0928fc3 elementor-widget elementor-widget-image\" data-id=\"0928fc3\" data-element_type=\"widget\" data-e-type=\"widget\" data-widget_type=\"image.default\">\n\t\t\t\t<div class=\"elementor-widget-container\">\n\t\t\t\t\t\t\t\t\t\t\t\t\t\t\t<img loading=\"lazy\" decoding=\"async\" width=\"368\" height=\"197\" src=\"https:\/\/cedam.fr\/wp-content\/uploads\/2023\/05\/ETAGERE_ICONIK-finitions-4.png\" class=\"attachment-large size-large wp-image-20993\" alt=\"\" srcset=\"https:\/\/cedam.fr\/wp-content\/uploads\/2023\/05\/ETAGERE_ICONIK-finitions-4.png 368w, https:\/\/cedam.fr\/wp-content\/uploads\/2023\/05\/ETAGERE_ICONIK-finitions-4-300x161.png 300w\" sizes=\"(max-width: 368px) 100vw, 368px\" \/>\t\t\t\t\t\t\t\t\t\t\t\t\t\t\t<\/div>\n\t\t\t\t<\/div>\n\t\t\t\t<div class=\"elementor-element elementor-element-ff6eac8 elementor-widget elementor-widget-text-editor\" data-id=\"ff6eac8\" data-element_type=\"widget\" data-e-type=\"widget\" data-widget_type=\"text-editor.default\">\n\t\t\t\t<div class=\"elementor-widget-container\">\n\t\t\t\t\t\t\t\t\t<p>SCHWARZ SCHWARZ<br \/><strong>NM<\/strong><\/p>\n\t\t\t\t\t\t\t\t<\/div>\n\t\t\t\t<\/div>\n\t\t\t\t\t<\/div>\n\t\t<\/div>\n\t\t\t\t\t<\/div>\n\t\t<\/section>\n\t\t\t\t<section class=\"elementor-section elementor-inner-section elementor-element elementor-element-28c1ddf elementor-section-boxed elementor-section-height-default elementor-section-height-default\" data-id=\"28c1ddf\" data-element_type=\"section\" data-e-type=\"section\">\n\t\t\t\t\t\t<div class=\"elementor-container elementor-column-gap-default\">\n\t\t\t\t\t<div class=\"elementor-column elementor-col-50 elementor-inner-column elementor-element elementor-element-15e26a0\" data-id=\"15e26a0\" data-element_type=\"column\" data-e-type=\"column\">\n\t\t\t<div class=\"elementor-widget-wrap elementor-element-populated\">\n\t\t\t\t\t\t<div class=\"elementor-element elementor-element-0e806bb elementor-widget elementor-widget-image\" data-id=\"0e806bb\" data-element_type=\"widget\" data-e-type=\"widget\" data-widget_type=\"image.default\">\n\t\t\t\t<div class=\"elementor-widget-container\">\n\t\t\t\t\t\t\t\t\t\t\t\t\t\t\t<img loading=\"lazy\" decoding=\"async\" width=\"400\" height=\"137\" src=\"https:\/\/cedam.fr\/wp-content\/uploads\/2023\/05\/ETAGERE_ICONIK-plan.png\" class=\"attachment-large size-large wp-image-20985\" alt=\"\" srcset=\"https:\/\/cedam.fr\/wp-content\/uploads\/2023\/05\/ETAGERE_ICONIK-plan.png 400w, https:\/\/cedam.fr\/wp-content\/uploads\/2023\/05\/ETAGERE_ICONIK-plan-300x103.png 300w\" sizes=\"(max-width: 400px) 100vw, 400px\" \/>\t\t\t\t\t\t\t\t\t\t\t\t\t\t\t<\/div>\n\t\t\t\t<\/div>\n\t\t\t\t<div class=\"elementor-element elementor-element-a716e2e elementor-widget elementor-widget-text-editor\" data-id=\"a716e2e\" data-element_type=\"widget\" data-e-type=\"widget\" data-widget_type=\"text-editor.default\">\n\t\t\t\t<div class=\"elementor-widget-container\">\n\t\t\t\t\t\t\t\t\t<div class=\"page\" title=\"Seite 1\">\n<div class=\"section\">\n<div class=\"layoutArea\">\n<div class=\"column\">\n<div class=\"page\" title=\"Seite 1\">\n<div class=\"section\">\n<div class=\"layoutArea\">\n<div class=\"column\">\n<div class=\"page\" title=\"Seite 1\">\n<div class=\"layoutArea\">\n<div class=\"column\">\n<div class=\"page\" title=\"Seite 1\">\n<div class=\"layoutArea\">\n<div class=\"column\">\n<p>600 x 100 x 120<br \/>Metallstruktur<\/p>\n<div class=\"page\" title=\"Seite 1\">\n<div class=\"layoutArea\">\n<div class=\"column\">\n<p><span style=\"color: #e3b66d;\"><strong>INETAG60&#8230;<\/strong><\/span><\/p>\n<\/div>\n<\/div>\n<\/div>\n<\/div>\n<\/div>\n<\/div>\n<\/div>\n<\/div>\n<\/div>\n<\/div>\n<\/div>\n<\/div>\n<\/div>\n<\/div>\n<\/div>\n<\/div>\n<\/div>\n\t\t\t\t\t\t\t\t<\/div>\n\t\t\t\t<\/div>\n\t\t\t\t\t<\/div>\n\t\t<\/div>\n\t\t\t\t<div class=\"elementor-column elementor-col-50 elementor-inner-column elementor-element elementor-element-6050aed\" data-id=\"6050aed\" data-element_type=\"column\" data-e-type=\"column\">\n\t\t\t<div class=\"elementor-widget-wrap\">\n\t\t\t\t\t\t\t<\/div>\n\t\t<\/div>\n\t\t\t\t\t<\/div>\n\t\t<\/section>\n\t\t\t\t\t<\/div>\n\t\t<\/div>\n\t\t\t\t\t<\/div>\n\t\t<\/section>\n\t\t\t\t<\/div>\n\t\t","protected":false},"excerpt":{"rendered":"<p>Beschreibung Die Iconik-Regale passen perfekt zum M\u00f6belst\u00fcck mit einer Erinnerung an den Keramikstreifen und der Metallhalterung, die zum Dekor der Fronten passt. Regal auf mattem Stahlrahmen. 6 mm dicke Keramikplatte. Passende Schraubenabdeckungen, Schrauben nicht im Lieferumfang enthalten. W\u00e4hlen Sie die Referenz : Wurzel INETAG60 + Regaldekor BM + Keramikdekor KAR Beispiel: INETAG60BM.KAR MATTES WEISSBM CACHEMIRE [&hellip;]<\/p>\n","protected":false},"author":1,"featured_media":20547,"comment_status":"closed","ping_status":"open","sticky":false,"template":"","format":"standard","meta":{"_acf_changed":false,"footnotes":""},"categories":[156,248,239,240],"tags":[206],"class_list":["post-23778","post","type-post","status-publish","format-standard","has-post-thumbnail","hentry","category-produkte","category-regale","category-zusatzliche-aufbewahrung","category-zusatzliche-produkte","tag-iconik-de"],"acf":[],"yoast_head":"<!-- This site is optimized with the Yoast SEO plugin v27.4 - https:\/\/yoast.com\/product\/yoast-seo-wordpress\/ -->\n<title>Iconik-Regale, CEDAM franz\u00f6sischer Hersteller<\/title>\n<meta name=\"description\" content=\"Entdecken Sie unsere Regalserie Iconik von CEDAM, einem franz\u00f6sischen Hersteller von ma\u00dfgefertigten Badezimmerm\u00f6beln.\" \/>\n<meta name=\"robots\" content=\"index, follow, max-snippet:-1, max-image-preview:large, max-video-preview:-1\" \/>\n<link rel=\"canonical\" href=\"https:\/\/cedam.fr\/de\/regale\/\" \/>\n<meta property=\"og:locale\" content=\"de_DE\" \/>\n<meta property=\"og:type\" content=\"article\" \/>\n<meta property=\"og:title\" content=\"Iconik-Regale, CEDAM franz\u00f6sischer Hersteller\" \/>\n<meta property=\"og:description\" content=\"Entdecken Sie unsere Regalserie Iconik von CEDAM, einem franz\u00f6sischen Hersteller von ma\u00dfgefertigten Badezimmerm\u00f6beln.\" \/>\n<meta property=\"og:url\" content=\"https:\/\/cedam.fr\/de\/regale\/\" \/>\n<meta property=\"og:site_name\" content=\"Cedam\" \/>\n<meta property=\"article:published_time\" content=\"2023-05-16T07:49:42+00:00\" \/>\n<meta property=\"article:modified_time\" content=\"2023-10-03T07:32:18+00:00\" \/>\n<meta property=\"og:image\" content=\"https:\/\/cedam.fr\/wp-content\/uploads\/2023\/05\/ETAGERE_ICONIK.jpg\" \/>\n\t<meta property=\"og:image:width\" content=\"400\" \/>\n\t<meta property=\"og:image:height\" content=\"400\" \/>\n\t<meta property=\"og:image:type\" content=\"image\/jpeg\" \/>\n<meta name=\"author\" content=\"sidy@krysalidesign.com\" \/>\n<meta name=\"twitter:card\" content=\"summary_large_image\" \/>\n<meta name=\"twitter:label1\" content=\"Verfasst von\" \/>\n\t<meta name=\"twitter:data1\" content=\"sidy@krysalidesign.com\" \/>\n<script type=\"application\/ld+json\" class=\"yoast-schema-graph\">{\"@context\":\"https:\\\/\\\/schema.org\",\"@graph\":[{\"@type\":\"Article\",\"@id\":\"https:\\\/\\\/cedam.fr\\\/de\\\/regale\\\/#article\",\"isPartOf\":{\"@id\":\"https:\\\/\\\/cedam.fr\\\/de\\\/regale\\\/\"},\"author\":{\"name\":\"sidy@krysalidesign.com\",\"@id\":\"https:\\\/\\\/cedam.fr\\\/de\\\/#\\\/schema\\\/person\\\/a329aea646ee7698607fe6cc9abb7ad6\"},\"headline\":\"Regale\",\"datePublished\":\"2023-05-16T07:49:42+00:00\",\"dateModified\":\"2023-10-03T07:32:18+00:00\",\"mainEntityOfPage\":{\"@id\":\"https:\\\/\\\/cedam.fr\\\/de\\\/regale\\\/\"},\"wordCount\":70,\"publisher\":{\"@id\":\"https:\\\/\\\/cedam.fr\\\/de\\\/#organization\"},\"image\":{\"@id\":\"https:\\\/\\\/cedam.fr\\\/de\\\/regale\\\/#primaryimage\"},\"thumbnailUrl\":\"https:\\\/\\\/cedam.fr\\\/wp-content\\\/uploads\\\/2023\\\/05\\\/ETAGERE_ICONIK.jpg\",\"keywords\":[\"Iconik\"],\"articleSection\":[\"Produkte\",\"Regale\",\"Zus\u00e4tzliche Aufbewahrung\",\"Zus\u00e4tzliche Produkte\"],\"inLanguage\":\"de\"},{\"@type\":\"WebPage\",\"@id\":\"https:\\\/\\\/cedam.fr\\\/de\\\/regale\\\/\",\"url\":\"https:\\\/\\\/cedam.fr\\\/de\\\/regale\\\/\",\"name\":\"Iconik-Regale, CEDAM franz\u00f6sischer Hersteller\",\"isPartOf\":{\"@id\":\"https:\\\/\\\/cedam.fr\\\/de\\\/#website\"},\"primaryImageOfPage\":{\"@id\":\"https:\\\/\\\/cedam.fr\\\/de\\\/regale\\\/#primaryimage\"},\"image\":{\"@id\":\"https:\\\/\\\/cedam.fr\\\/de\\\/regale\\\/#primaryimage\"},\"thumbnailUrl\":\"https:\\\/\\\/cedam.fr\\\/wp-content\\\/uploads\\\/2023\\\/05\\\/ETAGERE_ICONIK.jpg\",\"datePublished\":\"2023-05-16T07:49:42+00:00\",\"dateModified\":\"2023-10-03T07:32:18+00:00\",\"description\":\"Entdecken Sie unsere Regalserie Iconik von CEDAM, einem franz\u00f6sischen Hersteller von ma\u00dfgefertigten Badezimmerm\u00f6beln.\",\"breadcrumb\":{\"@id\":\"https:\\\/\\\/cedam.fr\\\/de\\\/regale\\\/#breadcrumb\"},\"inLanguage\":\"de\",\"potentialAction\":[{\"@type\":\"ReadAction\",\"target\":[\"https:\\\/\\\/cedam.fr\\\/de\\\/regale\\\/\"]}]},{\"@type\":\"ImageObject\",\"inLanguage\":\"de\",\"@id\":\"https:\\\/\\\/cedam.fr\\\/de\\\/regale\\\/#primaryimage\",\"url\":\"https:\\\/\\\/cedam.fr\\\/wp-content\\\/uploads\\\/2023\\\/05\\\/ETAGERE_ICONIK.jpg\",\"contentUrl\":\"https:\\\/\\\/cedam.fr\\\/wp-content\\\/uploads\\\/2023\\\/05\\\/ETAGERE_ICONIK.jpg\",\"width\":400,\"height\":400,\"caption\":\"\u00c9tag\u00e8res\"},{\"@type\":\"BreadcrumbList\",\"@id\":\"https:\\\/\\\/cedam.fr\\\/de\\\/regale\\\/#breadcrumb\",\"itemListElement\":[{\"@type\":\"ListItem\",\"position\":1,\"name\":\"Accueil\",\"item\":\"https:\\\/\\\/cedam.fr\\\/de\\\/\"},{\"@type\":\"ListItem\",\"position\":2,\"name\":\"Regale\"}]},{\"@type\":\"WebSite\",\"@id\":\"https:\\\/\\\/cedam.fr\\\/de\\\/#website\",\"url\":\"https:\\\/\\\/cedam.fr\\\/de\\\/\",\"name\":\"Cedam\",\"description\":\"\",\"publisher\":{\"@id\":\"https:\\\/\\\/cedam.fr\\\/de\\\/#organization\"},\"potentialAction\":[{\"@type\":\"SearchAction\",\"target\":{\"@type\":\"EntryPoint\",\"urlTemplate\":\"https:\\\/\\\/cedam.fr\\\/de\\\/?s={search_term_string}\"},\"query-input\":{\"@type\":\"PropertyValueSpecification\",\"valueRequired\":true,\"valueName\":\"search_term_string\"}}],\"inLanguage\":\"de\"},{\"@type\":\"Organization\",\"@id\":\"https:\\\/\\\/cedam.fr\\\/de\\\/#organization\",\"name\":\"Cedam\",\"url\":\"https:\\\/\\\/cedam.fr\\\/de\\\/\",\"logo\":{\"@type\":\"ImageObject\",\"inLanguage\":\"de\",\"@id\":\"https:\\\/\\\/cedam.fr\\\/de\\\/#\\\/schema\\\/logo\\\/image\\\/\",\"url\":\"https:\\\/\\\/cedam.fr\\\/wp-content\\\/uploads\\\/2023\\\/02\\\/new_logo_white.svg\",\"contentUrl\":\"https:\\\/\\\/cedam.fr\\\/wp-content\\\/uploads\\\/2023\\\/02\\\/new_logo_white.svg\",\"caption\":\"Cedam\"},\"image\":{\"@id\":\"https:\\\/\\\/cedam.fr\\\/de\\\/#\\\/schema\\\/logo\\\/image\\\/\"}},{\"@type\":\"Person\",\"@id\":\"https:\\\/\\\/cedam.fr\\\/de\\\/#\\\/schema\\\/person\\\/a329aea646ee7698607fe6cc9abb7ad6\",\"name\":\"sidy@krysalidesign.com\",\"image\":{\"@type\":\"ImageObject\",\"inLanguage\":\"de\",\"@id\":\"https:\\\/\\\/secure.gravatar.com\\\/avatar\\\/3c9a754c81e020364f48c9877873d142361e41d3bda412f7d826d4cbf0c36501?s=96&d=mm&r=g\",\"url\":\"https:\\\/\\\/secure.gravatar.com\\\/avatar\\\/3c9a754c81e020364f48c9877873d142361e41d3bda412f7d826d4cbf0c36501?s=96&d=mm&r=g\",\"contentUrl\":\"https:\\\/\\\/secure.gravatar.com\\\/avatar\\\/3c9a754c81e020364f48c9877873d142361e41d3bda412f7d826d4cbf0c36501?s=96&d=mm&r=g\",\"caption\":\"sidy@krysalidesign.com\"},\"sameAs\":[\"https:\\\/\\\/test-krysalid.com\\\/cedam\"],\"url\":\"https:\\\/\\\/cedam.fr\\\/de\\\/author\\\/sidykrysalidesign-com\\\/\"}]}<\/script>\n<!-- \/ Yoast SEO plugin. -->","yoast_head_json":{"title":"Iconik-Regale, CEDAM franz\u00f6sischer Hersteller","description":"Entdecken Sie unsere Regalserie Iconik von CEDAM, einem franz\u00f6sischen Hersteller von ma\u00dfgefertigten Badezimmerm\u00f6beln.","robots":{"index":"index","follow":"follow","max-snippet":"max-snippet:-1","max-image-preview":"max-image-preview:large","max-video-preview":"max-video-preview:-1"},"canonical":"https:\/\/cedam.fr\/de\/regale\/","og_locale":"de_DE","og_type":"article","og_title":"Iconik-Regale, CEDAM franz\u00f6sischer Hersteller","og_description":"Entdecken Sie unsere Regalserie Iconik von CEDAM, einem franz\u00f6sischen Hersteller von ma\u00dfgefertigten Badezimmerm\u00f6beln.","og_url":"https:\/\/cedam.fr\/de\/regale\/","og_site_name":"Cedam","article_published_time":"2023-05-16T07:49:42+00:00","article_modified_time":"2023-10-03T07:32:18+00:00","og_image":[{"width":400,"height":400,"url":"https:\/\/cedam.fr\/wp-content\/uploads\/2023\/05\/ETAGERE_ICONIK.jpg","type":"image\/jpeg"}],"author":"sidy@krysalidesign.com","twitter_card":"summary_large_image","twitter_misc":{"Verfasst von":"sidy@krysalidesign.com"},"schema":{"@context":"https:\/\/schema.org","@graph":[{"@type":"Article","@id":"https:\/\/cedam.fr\/de\/regale\/#article","isPartOf":{"@id":"https:\/\/cedam.fr\/de\/regale\/"},"author":{"name":"sidy@krysalidesign.com","@id":"https:\/\/cedam.fr\/de\/#\/schema\/person\/a329aea646ee7698607fe6cc9abb7ad6"},"headline":"Regale","datePublished":"2023-05-16T07:49:42+00:00","dateModified":"2023-10-03T07:32:18+00:00","mainEntityOfPage":{"@id":"https:\/\/cedam.fr\/de\/regale\/"},"wordCount":70,"publisher":{"@id":"https:\/\/cedam.fr\/de\/#organization"},"image":{"@id":"https:\/\/cedam.fr\/de\/regale\/#primaryimage"},"thumbnailUrl":"https:\/\/cedam.fr\/wp-content\/uploads\/2023\/05\/ETAGERE_ICONIK.jpg","keywords":["Iconik"],"articleSection":["Produkte","Regale","Zus\u00e4tzliche Aufbewahrung","Zus\u00e4tzliche Produkte"],"inLanguage":"de"},{"@type":"WebPage","@id":"https:\/\/cedam.fr\/de\/regale\/","url":"https:\/\/cedam.fr\/de\/regale\/","name":"Iconik-Regale, CEDAM franz\u00f6sischer Hersteller","isPartOf":{"@id":"https:\/\/cedam.fr\/de\/#website"},"primaryImageOfPage":{"@id":"https:\/\/cedam.fr\/de\/regale\/#primaryimage"},"image":{"@id":"https:\/\/cedam.fr\/de\/regale\/#primaryimage"},"thumbnailUrl":"https:\/\/cedam.fr\/wp-content\/uploads\/2023\/05\/ETAGERE_ICONIK.jpg","datePublished":"2023-05-16T07:49:42+00:00","dateModified":"2023-10-03T07:32:18+00:00","description":"Entdecken Sie unsere Regalserie Iconik von CEDAM, einem franz\u00f6sischen Hersteller von ma\u00dfgefertigten Badezimmerm\u00f6beln.","breadcrumb":{"@id":"https:\/\/cedam.fr\/de\/regale\/#breadcrumb"},"inLanguage":"de","potentialAction":[{"@type":"ReadAction","target":["https:\/\/cedam.fr\/de\/regale\/"]}]},{"@type":"ImageObject","inLanguage":"de","@id":"https:\/\/cedam.fr\/de\/regale\/#primaryimage","url":"https:\/\/cedam.fr\/wp-content\/uploads\/2023\/05\/ETAGERE_ICONIK.jpg","contentUrl":"https:\/\/cedam.fr\/wp-content\/uploads\/2023\/05\/ETAGERE_ICONIK.jpg","width":400,"height":400,"caption":"\u00c9tag\u00e8res"},{"@type":"BreadcrumbList","@id":"https:\/\/cedam.fr\/de\/regale\/#breadcrumb","itemListElement":[{"@type":"ListItem","position":1,"name":"Accueil","item":"https:\/\/cedam.fr\/de\/"},{"@type":"ListItem","position":2,"name":"Regale"}]},{"@type":"WebSite","@id":"https:\/\/cedam.fr\/de\/#website","url":"https:\/\/cedam.fr\/de\/","name":"Cedam","description":"","publisher":{"@id":"https:\/\/cedam.fr\/de\/#organization"},"potentialAction":[{"@type":"SearchAction","target":{"@type":"EntryPoint","urlTemplate":"https:\/\/cedam.fr\/de\/?s={search_term_string}"},"query-input":{"@type":"PropertyValueSpecification","valueRequired":true,"valueName":"search_term_string"}}],"inLanguage":"de"},{"@type":"Organization","@id":"https:\/\/cedam.fr\/de\/#organization","name":"Cedam","url":"https:\/\/cedam.fr\/de\/","logo":{"@type":"ImageObject","inLanguage":"de","@id":"https:\/\/cedam.fr\/de\/#\/schema\/logo\/image\/","url":"https:\/\/cedam.fr\/wp-content\/uploads\/2023\/02\/new_logo_white.svg","contentUrl":"https:\/\/cedam.fr\/wp-content\/uploads\/2023\/02\/new_logo_white.svg","caption":"Cedam"},"image":{"@id":"https:\/\/cedam.fr\/de\/#\/schema\/logo\/image\/"}},{"@type":"Person","@id":"https:\/\/cedam.fr\/de\/#\/schema\/person\/a329aea646ee7698607fe6cc9abb7ad6","name":"sidy@krysalidesign.com","image":{"@type":"ImageObject","inLanguage":"de","@id":"https:\/\/secure.gravatar.com\/avatar\/3c9a754c81e020364f48c9877873d142361e41d3bda412f7d826d4cbf0c36501?s=96&d=mm&r=g","url":"https:\/\/secure.gravatar.com\/avatar\/3c9a754c81e020364f48c9877873d142361e41d3bda412f7d826d4cbf0c36501?s=96&d=mm&r=g","contentUrl":"https:\/\/secure.gravatar.com\/avatar\/3c9a754c81e020364f48c9877873d142361e41d3bda412f7d826d4cbf0c36501?s=96&d=mm&r=g","caption":"sidy@krysalidesign.com"},"sameAs":["https:\/\/test-krysalid.com\/cedam"],"url":"https:\/\/cedam.fr\/de\/author\/sidykrysalidesign-com\/"}]}},"_links":{"self":[{"href":"https:\/\/cedam.fr\/de\/wp-json\/wp\/v2\/posts\/23778","targetHints":{"allow":["GET"]}}],"collection":[{"href":"https:\/\/cedam.fr\/de\/wp-json\/wp\/v2\/posts"}],"about":[{"href":"https:\/\/cedam.fr\/de\/wp-json\/wp\/v2\/types\/post"}],"author":[{"embeddable":true,"href":"https:\/\/cedam.fr\/de\/wp-json\/wp\/v2\/users\/1"}],"replies":[{"embeddable":true,"href":"https:\/\/cedam.fr\/de\/wp-json\/wp\/v2\/comments?post=23778"}],"version-history":[{"count":1,"href":"https:\/\/cedam.fr\/de\/wp-json\/wp\/v2\/posts\/23778\/revisions"}],"predecessor-version":[{"id":23786,"href":"https:\/\/cedam.fr\/de\/wp-json\/wp\/v2\/posts\/23778\/revisions\/23786"}],"wp:featuredmedia":[{"embeddable":true,"href":"https:\/\/cedam.fr\/de\/wp-json\/wp\/v2\/media\/20547"}],"wp:attachment":[{"href":"https:\/\/cedam.fr\/de\/wp-json\/wp\/v2\/media?parent=23778"}],"wp:term":[{"taxonomy":"category","embeddable":true,"href":"https:\/\/cedam.fr\/de\/wp-json\/wp\/v2\/categories?post=23778"},{"taxonomy":"post_tag","embeddable":true,"href":"https:\/\/cedam.fr\/de\/wp-json\/wp\/v2\/tags?post=23778"}],"curies":[{"name":"wp","href":"https:\/\/api.w.org\/{rel}","templated":true}]}}