{"id":252,"count":1,"description":"","link":"https:\/\/cedam.fr\/de\/category\/kredenz-natura\/","name":"Kredenz Natura","slug":"kredenz-natura","taxonomy":"category","parent":0,"meta":[],"acf":[],"yoast_head":"<!-- This site is optimized with the Yoast SEO plugin v27.4 - https:\/\/yoast.com\/product\/yoast-seo-wordpress\/ -->\n<title>Cr\u00e9dence Natura, CEDAM Meubles de salle de bains<\/title>\n<meta name=\"description\" content=\"CEDAM vous proposes un large choix de coloris et de mat\u00e9riaux pour vos cr\u00e9dences de salle de bains. D\u00e9couvrez notre gamme.\" \/>\n<meta name=\"robots\" content=\"index, follow, max-snippet:-1, max-image-preview:large, max-video-preview:-1\" \/>\n<link rel=\"canonical\" href=\"https:\/\/cedam.fr\/de\/category\/kredenz-natura\/\" \/>\n<meta property=\"og:locale\" content=\"de_DE\" \/>\n<meta property=\"og:type\" content=\"article\" \/>\n<meta property=\"og:title\" content=\"Cr\u00e9dence Natura, CEDAM Meubles de salle de bains\" \/>\n<meta property=\"og:description\" content=\"CEDAM vous proposes un large choix de coloris et de mat\u00e9riaux pour vos cr\u00e9dences de salle de bains. D\u00e9couvrez notre gamme.\" \/>\n<meta property=\"og:url\" content=\"https:\/\/cedam.fr\/de\/category\/kredenz-natura\/\" \/>\n<meta property=\"og:site_name\" content=\"Cedam\" \/>\n<meta property=\"og:image\" content=\"https:\/\/test-krysalid.com\/cedam\/wp-content\/uploads\/2023\/05\/CREDENCE_NATURA-300x300.png\" \/>\n<meta name=\"twitter:card\" content=\"summary_large_image\" \/>\n<script type=\"application\/ld+json\" class=\"yoast-schema-graph\">{\"@context\":\"https:\\\/\\\/schema.org\",\"@graph\":[{\"@type\":\"CollectionPage\",\"@id\":\"https:\\\/\\\/cedam.fr\\\/de\\\/category\\\/kredenz-natura\\\/\",\"url\":\"https:\\\/\\\/cedam.fr\\\/de\\\/category\\\/kredenz-natura\\\/\",\"name\":\"Cr\u00e9dence Natura, CEDAM Meubles de salle de bains\",\"isPartOf\":{\"@id\":\"https:\\\/\\\/cedam.fr\\\/de\\\/#website\"},\"description\":\"CEDAM vous proposes un large choix de coloris et de mat\u00e9riaux pour vos cr\u00e9dences de salle de bains. D\u00e9couvrez notre gamme.\",\"breadcrumb\":{\"@id\":\"https:\\\/\\\/cedam.fr\\\/de\\\/category\\\/kredenz-natura\\\/#breadcrumb\"},\"inLanguage\":\"de\"},{\"@type\":\"BreadcrumbList\",\"@id\":\"https:\\\/\\\/cedam.fr\\\/de\\\/category\\\/kredenz-natura\\\/#breadcrumb\",\"itemListElement\":[{\"@type\":\"ListItem\",\"position\":1,\"name\":\"Accueil\",\"item\":\"https:\\\/\\\/cedam.fr\\\/de\\\/\"},{\"@type\":\"ListItem\",\"position\":2,\"name\":\"Kredenz Natura\"}]},{\"@type\":\"WebSite\",\"@id\":\"https:\\\/\\\/cedam.fr\\\/de\\\/#website\",\"url\":\"https:\\\/\\\/cedam.fr\\\/de\\\/\",\"name\":\"Cedam\",\"description\":\"\",\"publisher\":{\"@id\":\"https:\\\/\\\/cedam.fr\\\/de\\\/#organization\"},\"potentialAction\":[{\"@type\":\"SearchAction\",\"target\":{\"@type\":\"EntryPoint\",\"urlTemplate\":\"https:\\\/\\\/cedam.fr\\\/de\\\/?s={search_term_string}\"},\"query-input\":{\"@type\":\"PropertyValueSpecification\",\"valueRequired\":true,\"valueName\":\"search_term_string\"}}],\"inLanguage\":\"de\"},{\"@type\":\"Organization\",\"@id\":\"https:\\\/\\\/cedam.fr\\\/de\\\/#organization\",\"name\":\"Cedam\",\"url\":\"https:\\\/\\\/cedam.fr\\\/de\\\/\",\"logo\":{\"@type\":\"ImageObject\",\"inLanguage\":\"de\",\"@id\":\"https:\\\/\\\/cedam.fr\\\/de\\\/#\\\/schema\\\/logo\\\/image\\\/\",\"url\":\"https:\\\/\\\/cedam.fr\\\/wp-content\\\/uploads\\\/2023\\\/02\\\/new_logo_white.svg\",\"contentUrl\":\"https:\\\/\\\/cedam.fr\\\/wp-content\\\/uploads\\\/2023\\\/02\\\/new_logo_white.svg\",\"caption\":\"Cedam\"},\"image\":{\"@id\":\"https:\\\/\\\/cedam.fr\\\/de\\\/#\\\/schema\\\/logo\\\/image\\\/\"}}]}<\/script>\n<!-- \/ Yoast SEO plugin. -->","yoast_head_json":{"title":"Cr\u00e9dence Natura, CEDAM Meubles de salle de bains","description":"CEDAM vous proposes un large choix de coloris et de mat\u00e9riaux pour vos cr\u00e9dences de salle de bains. D\u00e9couvrez notre gamme.","robots":{"index":"index","follow":"follow","max-snippet":"max-snippet:-1","max-image-preview":"max-image-preview:large","max-video-preview":"max-video-preview:-1"},"canonical":"https:\/\/cedam.fr\/de\/category\/kredenz-natura\/","og_locale":"de_DE","og_type":"article","og_title":"Cr\u00e9dence Natura, CEDAM Meubles de salle de bains","og_description":"CEDAM vous proposes un large choix de coloris et de mat\u00e9riaux pour vos cr\u00e9dences de salle de bains. D\u00e9couvrez notre gamme.","og_url":"https:\/\/cedam.fr\/de\/category\/kredenz-natura\/","og_site_name":"Cedam","og_image":[{"url":"https:\/\/test-krysalid.com\/cedam\/wp-content\/uploads\/2023\/05\/CREDENCE_NATURA-300x300.png","type":"","width":"","height":""}],"twitter_card":"summary_large_image","schema":{"@context":"https:\/\/schema.org","@graph":[{"@type":"CollectionPage","@id":"https:\/\/cedam.fr\/de\/category\/kredenz-natura\/","url":"https:\/\/cedam.fr\/de\/category\/kredenz-natura\/","name":"Cr\u00e9dence Natura, CEDAM Meubles de salle de bains","isPartOf":{"@id":"https:\/\/cedam.fr\/de\/#website"},"description":"CEDAM vous proposes un large choix de coloris et de mat\u00e9riaux pour vos cr\u00e9dences de salle de bains. D\u00e9couvrez notre gamme.","breadcrumb":{"@id":"https:\/\/cedam.fr\/de\/category\/kredenz-natura\/#breadcrumb"},"inLanguage":"de"},{"@type":"BreadcrumbList","@id":"https:\/\/cedam.fr\/de\/category\/kredenz-natura\/#breadcrumb","itemListElement":[{"@type":"ListItem","position":1,"name":"Accueil","item":"https:\/\/cedam.fr\/de\/"},{"@type":"ListItem","position":2,"name":"Kredenz Natura"}]},{"@type":"WebSite","@id":"https:\/\/cedam.fr\/de\/#website","url":"https:\/\/cedam.fr\/de\/","name":"Cedam","description":"","publisher":{"@id":"https:\/\/cedam.fr\/de\/#organization"},"potentialAction":[{"@type":"SearchAction","target":{"@type":"EntryPoint","urlTemplate":"https:\/\/cedam.fr\/de\/?s={search_term_string}"},"query-input":{"@type":"PropertyValueSpecification","valueRequired":true,"valueName":"search_term_string"}}],"inLanguage":"de"},{"@type":"Organization","@id":"https:\/\/cedam.fr\/de\/#organization","name":"Cedam","url":"https:\/\/cedam.fr\/de\/","logo":{"@type":"ImageObject","inLanguage":"de","@id":"https:\/\/cedam.fr\/de\/#\/schema\/logo\/image\/","url":"https:\/\/cedam.fr\/wp-content\/uploads\/2023\/02\/new_logo_white.svg","contentUrl":"https:\/\/cedam.fr\/wp-content\/uploads\/2023\/02\/new_logo_white.svg","caption":"Cedam"},"image":{"@id":"https:\/\/cedam.fr\/de\/#\/schema\/logo\/image\/"}}]}},"_links":{"self":[{"href":"https:\/\/cedam.fr\/de\/wp-json\/wp\/v2\/categories\/252","targetHints":{"allow":["GET"]}}],"collection":[{"href":"https:\/\/cedam.fr\/de\/wp-json\/wp\/v2\/categories"}],"about":[{"href":"https:\/\/cedam.fr\/de\/wp-json\/wp\/v2\/taxonomies\/category"}],"wp:post_type":[{"href":"https:\/\/cedam.fr\/de\/wp-json\/wp\/v2\/posts?categories=252"},{"href":"https:\/\/cedam.fr\/de\/wp-json\/wp\/v2\/media?categories=252"}],"curies":[{"name":"wp","href":"https:\/\/api.w.org\/{rel}","templated":true}]}}