{"id":245,"count":19,"description":"","link":"https:\/\/cedam.fr\/de\/category\/produkte\/zusatzliche-aufbewahrung\/saulen-und-schranke\/","name":"S\u00e4ulen und Schr\u00e4nke","slug":"saulen-und-schranke","taxonomy":"category","parent":239,"meta":[],"acf":[],"yoast_head":"<!-- This site is optimized with the Yoast SEO plugin v27.4 - https:\/\/yoast.com\/product\/yoast-seo-wordpress\/ -->\n<title>Produits de la cat\u00e9gorie colonnes et armoires CEDAM<\/title>\n<meta name=\"description\" content=\"D\u00e9couvrez nos solutions de rangement pour vos salles de bains, avec nos colonnes et armoires de la marque fran\u00e7aise CEDAM.\" \/>\n<meta name=\"robots\" content=\"index, follow, max-snippet:-1, max-image-preview:large, max-video-preview:-1\" \/>\n<link rel=\"canonical\" href=\"https:\/\/cedam.fr\/de\/category\/produkte\/zusatzliche-aufbewahrung\/saulen-und-schranke\/\" \/>\n<meta property=\"og:locale\" content=\"de_DE\" \/>\n<meta property=\"og:type\" content=\"article\" \/>\n<meta property=\"og:title\" content=\"Produits de la cat\u00e9gorie colonnes et armoires CEDAM\" \/>\n<meta property=\"og:description\" content=\"D\u00e9couvrez nos solutions de rangement pour vos salles de bains, avec nos colonnes et armoires de la marque fran\u00e7aise CEDAM.\" \/>\n<meta property=\"og:url\" content=\"https:\/\/cedam.fr\/de\/category\/produkte\/zusatzliche-aufbewahrung\/saulen-und-schranke\/\" \/>\n<meta property=\"og:site_name\" content=\"Cedam\" \/>\n<meta property=\"og:image\" content=\"https:\/\/cedam.krysaweb.fr\/wp-content\/uploads\/2023\/07\/ICONIK.AMB01-e1689151282557-300x300.png\" \/>\n<meta name=\"twitter:card\" content=\"summary_large_image\" \/>\n<script type=\"application\/ld+json\" class=\"yoast-schema-graph\">{\"@context\":\"https:\\\/\\\/schema.org\",\"@graph\":[{\"@type\":\"CollectionPage\",\"@id\":\"https:\\\/\\\/cedam.fr\\\/de\\\/category\\\/produkte\\\/zusatzliche-aufbewahrung\\\/saulen-und-schranke\\\/\",\"url\":\"https:\\\/\\\/cedam.fr\\\/de\\\/category\\\/produkte\\\/zusatzliche-aufbewahrung\\\/saulen-und-schranke\\\/\",\"name\":\"Produits de la cat\u00e9gorie colonnes et armoires CEDAM\",\"isPartOf\":{\"@id\":\"https:\\\/\\\/cedam.fr\\\/de\\\/#website\"},\"description\":\"D\u00e9couvrez nos solutions de rangement pour vos salles de bains, avec nos colonnes et armoires de la marque fran\u00e7aise CEDAM.\",\"breadcrumb\":{\"@id\":\"https:\\\/\\\/cedam.fr\\\/de\\\/category\\\/produkte\\\/zusatzliche-aufbewahrung\\\/saulen-und-schranke\\\/#breadcrumb\"},\"inLanguage\":\"de\"},{\"@type\":\"BreadcrumbList\",\"@id\":\"https:\\\/\\\/cedam.fr\\\/de\\\/category\\\/produkte\\\/zusatzliche-aufbewahrung\\\/saulen-und-schranke\\\/#breadcrumb\",\"itemListElement\":[{\"@type\":\"ListItem\",\"position\":1,\"name\":\"Accueil\",\"item\":\"https:\\\/\\\/cedam.fr\\\/de\\\/\"},{\"@type\":\"ListItem\",\"position\":2,\"name\":\"Produkte\",\"item\":\"https:\\\/\\\/cedam.fr\\\/de\\\/category\\\/produkte\\\/\"},{\"@type\":\"ListItem\",\"position\":3,\"name\":\"Zus\u00e4tzliche Aufbewahrung\",\"item\":\"https:\\\/\\\/cedam.fr\\\/de\\\/category\\\/produkte\\\/zusatzliche-aufbewahrung\\\/\"},{\"@type\":\"ListItem\",\"position\":4,\"name\":\"S\u00e4ulen und Schr\u00e4nke\"}]},{\"@type\":\"WebSite\",\"@id\":\"https:\\\/\\\/cedam.fr\\\/de\\\/#website\",\"url\":\"https:\\\/\\\/cedam.fr\\\/de\\\/\",\"name\":\"Cedam\",\"description\":\"\",\"publisher\":{\"@id\":\"https:\\\/\\\/cedam.fr\\\/de\\\/#organization\"},\"potentialAction\":[{\"@type\":\"SearchAction\",\"target\":{\"@type\":\"EntryPoint\",\"urlTemplate\":\"https:\\\/\\\/cedam.fr\\\/de\\\/?s={search_term_string}\"},\"query-input\":{\"@type\":\"PropertyValueSpecification\",\"valueRequired\":true,\"valueName\":\"search_term_string\"}}],\"inLanguage\":\"de\"},{\"@type\":\"Organization\",\"@id\":\"https:\\\/\\\/cedam.fr\\\/de\\\/#organization\",\"name\":\"Cedam\",\"url\":\"https:\\\/\\\/cedam.fr\\\/de\\\/\",\"logo\":{\"@type\":\"ImageObject\",\"inLanguage\":\"de\",\"@id\":\"https:\\\/\\\/cedam.fr\\\/de\\\/#\\\/schema\\\/logo\\\/image\\\/\",\"url\":\"https:\\\/\\\/cedam.fr\\\/wp-content\\\/uploads\\\/2023\\\/02\\\/new_logo_white.svg\",\"contentUrl\":\"https:\\\/\\\/cedam.fr\\\/wp-content\\\/uploads\\\/2023\\\/02\\\/new_logo_white.svg\",\"caption\":\"Cedam\"},\"image\":{\"@id\":\"https:\\\/\\\/cedam.fr\\\/de\\\/#\\\/schema\\\/logo\\\/image\\\/\"}}]}<\/script>\n<!-- \/ Yoast SEO plugin. -->","yoast_head_json":{"title":"Produits de la cat\u00e9gorie colonnes et armoires CEDAM","description":"D\u00e9couvrez nos solutions de rangement pour vos salles de bains, avec nos colonnes et armoires de la marque fran\u00e7aise CEDAM.","robots":{"index":"index","follow":"follow","max-snippet":"max-snippet:-1","max-image-preview":"max-image-preview:large","max-video-preview":"max-video-preview:-1"},"canonical":"https:\/\/cedam.fr\/de\/category\/produkte\/zusatzliche-aufbewahrung\/saulen-und-schranke\/","og_locale":"de_DE","og_type":"article","og_title":"Produits de la cat\u00e9gorie colonnes et armoires CEDAM","og_description":"D\u00e9couvrez nos solutions de rangement pour vos salles de bains, avec nos colonnes et armoires de la marque fran\u00e7aise CEDAM.","og_url":"https:\/\/cedam.fr\/de\/category\/produkte\/zusatzliche-aufbewahrung\/saulen-und-schranke\/","og_site_name":"Cedam","og_image":[{"url":"https:\/\/cedam.krysaweb.fr\/wp-content\/uploads\/2023\/07\/ICONIK.AMB01-e1689151282557-300x300.png","type":"","width":"","height":""}],"twitter_card":"summary_large_image","schema":{"@context":"https:\/\/schema.org","@graph":[{"@type":"CollectionPage","@id":"https:\/\/cedam.fr\/de\/category\/produkte\/zusatzliche-aufbewahrung\/saulen-und-schranke\/","url":"https:\/\/cedam.fr\/de\/category\/produkte\/zusatzliche-aufbewahrung\/saulen-und-schranke\/","name":"Produits de la cat\u00e9gorie colonnes et armoires CEDAM","isPartOf":{"@id":"https:\/\/cedam.fr\/de\/#website"},"description":"D\u00e9couvrez nos solutions de rangement pour vos salles de bains, avec nos colonnes et armoires de la marque fran\u00e7aise CEDAM.","breadcrumb":{"@id":"https:\/\/cedam.fr\/de\/category\/produkte\/zusatzliche-aufbewahrung\/saulen-und-schranke\/#breadcrumb"},"inLanguage":"de"},{"@type":"BreadcrumbList","@id":"https:\/\/cedam.fr\/de\/category\/produkte\/zusatzliche-aufbewahrung\/saulen-und-schranke\/#breadcrumb","itemListElement":[{"@type":"ListItem","position":1,"name":"Accueil","item":"https:\/\/cedam.fr\/de\/"},{"@type":"ListItem","position":2,"name":"Produkte","item":"https:\/\/cedam.fr\/de\/category\/produkte\/"},{"@type":"ListItem","position":3,"name":"Zus\u00e4tzliche Aufbewahrung","item":"https:\/\/cedam.fr\/de\/category\/produkte\/zusatzliche-aufbewahrung\/"},{"@type":"ListItem","position":4,"name":"S\u00e4ulen und Schr\u00e4nke"}]},{"@type":"WebSite","@id":"https:\/\/cedam.fr\/de\/#website","url":"https:\/\/cedam.fr\/de\/","name":"Cedam","description":"","publisher":{"@id":"https:\/\/cedam.fr\/de\/#organization"},"potentialAction":[{"@type":"SearchAction","target":{"@type":"EntryPoint","urlTemplate":"https:\/\/cedam.fr\/de\/?s={search_term_string}"},"query-input":{"@type":"PropertyValueSpecification","valueRequired":true,"valueName":"search_term_string"}}],"inLanguage":"de"},{"@type":"Organization","@id":"https:\/\/cedam.fr\/de\/#organization","name":"Cedam","url":"https:\/\/cedam.fr\/de\/","logo":{"@type":"ImageObject","inLanguage":"de","@id":"https:\/\/cedam.fr\/de\/#\/schema\/logo\/image\/","url":"https:\/\/cedam.fr\/wp-content\/uploads\/2023\/02\/new_logo_white.svg","contentUrl":"https:\/\/cedam.fr\/wp-content\/uploads\/2023\/02\/new_logo_white.svg","caption":"Cedam"},"image":{"@id":"https:\/\/cedam.fr\/de\/#\/schema\/logo\/image\/"}}]}},"_links":{"self":[{"href":"https:\/\/cedam.fr\/de\/wp-json\/wp\/v2\/categories\/245","targetHints":{"allow":["GET"]}}],"collection":[{"href":"https:\/\/cedam.fr\/de\/wp-json\/wp\/v2\/categories"}],"about":[{"href":"https:\/\/cedam.fr\/de\/wp-json\/wp\/v2\/taxonomies\/category"}],"up":[{"embeddable":true,"href":"https:\/\/cedam.fr\/de\/wp-json\/wp\/v2\/categories\/239"}],"wp:post_type":[{"href":"https:\/\/cedam.fr\/de\/wp-json\/wp\/v2\/posts?categories=245"},{"href":"https:\/\/cedam.fr\/de\/wp-json\/wp\/v2\/media?categories=245"}],"curies":[{"name":"wp","href":"https:\/\/api.w.org\/{rel}","templated":true}]}}